{"id":8529,"date":"2024-07-05T10:36:05","date_gmt":"2024-07-05T13:36:05","guid":{"rendered":"https:\/\/sgvaimudar.com.br\/?p=8529"},"modified":"2024-07-05T10:36:06","modified_gmt":"2024-07-05T13:36:06","slug":"6a-conferencia-municipal-das-cidades-encerrada-na-quarta-3-e-considerada-um-sucesso","status":"publish","type":"post","link":"https:\/\/sgvaimudar.com.br\/index.php\/2024\/07\/05\/6a-conferencia-municipal-das-cidades-encerrada-na-quarta-3-e-considerada-um-sucesso\/","title":{"rendered":"6\u00aa Confer\u00eancia Municipal das Cidades encerrada na quarta (3) \u00e9 considerada um sucesso"},"content":{"rendered":"\n<p><em>Mais de 170 pessoas se inscreveram para participar do encontro<\/em><\/p>\n\n\n\n<p>O segundo dia da 6\u00aa Confer\u00eancia Municipal das Cidades, promovida pela Secretaria de Habita\u00e7\u00e3o da Prefeitura de S\u00e3o Gon\u00e7alo, na quarta-feira (3\/7), marcou o encerramento do evento, que foi considerado um sucesso. O encontro, reuniu representantes do poder p\u00fablico e da sociedade civil, no audit\u00f3rio do Sest\/Senat, do bairro Tribob\u00f3. Mais de 170 pessoas se inscreveram para participar da Confer\u00eancia.<\/p>\n\n\n\n<figure class=\"wp-block-image size-large\"><img fetchpriority=\"high\" decoding=\"async\" width=\"1024\" height=\"683\" src=\"https:\/\/sgvaimudar.com.br\/wp-content\/uploads\/2024\/07\/unnamed-15-3-1024x683.jpg\" alt=\"\" class=\"wp-image-8530\" srcset=\"https:\/\/sgvaimudar.com.br\/wp-content\/uploads\/2024\/07\/unnamed-15-3-1024x683.jpg 1024w, https:\/\/sgvaimudar.com.br\/wp-content\/uploads\/2024\/07\/unnamed-15-3-300x200.jpg 300w, https:\/\/sgvaimudar.com.br\/wp-content\/uploads\/2024\/07\/unnamed-15-3-768x512.jpg 768w, https:\/\/sgvaimudar.com.br\/wp-content\/uploads\/2024\/07\/unnamed-15-3-1536x1024.jpg 1536w, https:\/\/sgvaimudar.com.br\/wp-content\/uploads\/2024\/07\/unnamed-15-3.jpg 1620w\" sizes=\"(max-width: 1024px) 100vw, 1024px\" \/><\/figure>\n\n\n\n<p>O segundo dia do evento come\u00e7ou logo cedo com a continua\u00e7\u00e3o das palestras. No per\u00edodo da tarde, aconteceram os debates de alguns subtemas, al\u00e9m da leitura e aprova\u00e7\u00e3o das propostas que ser\u00e3o encaminhadas para a 6\u00aa Confer\u00eancia Estadual das Cidades e a elei\u00e7\u00e3o dos delegados que atuar\u00e3o no encontro estadual.<\/p>\n\n\n\n<p>Segundo as informa\u00e7\u00f5es, o objetivo da Confer\u00eancia \u00e9 fortalecer a participa\u00e7\u00e3o social na formula\u00e7\u00e3o de pol\u00edticas p\u00fablicas efetivas, destinadas ao desenvolvimento urbano, \u00e0 habita\u00e7\u00e3o, aos territ\u00f3rios perif\u00e9ricos, \u00e0 mobilidade urbana e ao saneamento b\u00e1sico, voltada \u00e0 elabora\u00e7\u00e3o de propostas locais que ser\u00e3o aprimoradas sob a perspectiva de v\u00e1rias escalas, de comunit\u00e1ria \u00e0 nacional. <\/p>\n\n\n\n<p>&#8220;A reuni\u00e3o \u00e9 uma etapa preparat\u00f3ria para a 6\u00aa Confer\u00eancia Estadual da Cidade do Rio de Janeiro e para a 6\u00aa Confer\u00eancia Nacional das Cidades&#8221;, disse a Prefeitura na nota.<\/p>\n\n\n\n<p>De acordo com a secret\u00e1ria de Habita\u00e7\u00e3o, Rafaela Santana, o segundo dia foi o mais importante da Confer\u00eancia. &#8220;Tivemos, na parte da tarde, as oficinas para a elabora\u00e7\u00e3o das propostas, onde tanto a sociedade civil quanto o poder p\u00fablico puderam trazer quais s\u00e3o os desafios e proposi\u00e7\u00f5es do que eles querem para a nossa cidade, para que depois possamos vot\u00e1-las e aprov\u00e1-las na plen\u00e1ria final da Confer\u00eancia&#8221;, explicou a secret\u00e1ria..<\/p>\n\n\n\n<p>Durante a Confer\u00eancia, um grupo de 20 mulheres empreendedoras gon\u00e7alenses do projeto Lidera Mulher, desenvolvido pela Subsecretaria de Pol\u00edticas P\u00fablicas para as Mulheres da Prefeitura de S\u00e3o Gon\u00e7alo, apresentou seus trabalhos numa feira, evidenciando o fortalecimento da economia local. <\/p>\n\n\n\n<p>Algumas dessas mulheres produziram, inclusive, a ecobag distribu\u00edda aos participantes do evento como press kit, refor\u00e7ando o compromisso da comiss\u00e3o organizadora com a sustentabilidade.<\/p>\n\n\n\n<p>Fotos: Julio Diniz<\/p>\n","protected":false},"excerpt":{"rendered":"<p>Mais de 170 pessoas se inscreveram para participar do encontro O segundo dia da 6\u00aa Confer\u00eancia Municipal das Cidades, promovida&hellip;<\/p>\n","protected":false},"author":5,"featured_media":8531,"comment_status":"open","ping_status":"open","sticky":false,"template":"","format":"standard","meta":{"fifu_image_url":"","fifu_image_alt":"","footnotes":""},"categories":[3],"tags":[],"class_list":["post-8529","post","type-post","status-publish","format-standard","has-post-thumbnail","hentry","category-sao-goncalo"],"_links":{"self":[{"href":"https:\/\/sgvaimudar.com.br\/index.php\/wp-json\/wp\/v2\/posts\/8529","targetHints":{"allow":["GET"]}}],"collection":[{"href":"https:\/\/sgvaimudar.com.br\/index.php\/wp-json\/wp\/v2\/posts"}],"about":[{"href":"https:\/\/sgvaimudar.com.br\/index.php\/wp-json\/wp\/v2\/types\/post"}],"author":[{"embeddable":true,"href":"https:\/\/sgvaimudar.com.br\/index.php\/wp-json\/wp\/v2\/users\/5"}],"replies":[{"embeddable":true,"href":"https:\/\/sgvaimudar.com.br\/index.php\/wp-json\/wp\/v2\/comments?post=8529"}],"version-history":[{"count":1,"href":"https:\/\/sgvaimudar.com.br\/index.php\/wp-json\/wp\/v2\/posts\/8529\/revisions"}],"predecessor-version":[{"id":8532,"href":"https:\/\/sgvaimudar.com.br\/index.php\/wp-json\/wp\/v2\/posts\/8529\/revisions\/8532"}],"wp:featuredmedia":[{"embeddable":true,"href":"https:\/\/sgvaimudar.com.br\/index.php\/wp-json\/wp\/v2\/media\/8531"}],"wp:attachment":[{"href":"https:\/\/sgvaimudar.com.br\/index.php\/wp-json\/wp\/v2\/media?parent=8529"}],"wp:term":[{"taxonomy":"category","embeddable":true,"href":"https:\/\/sgvaimudar.com.br\/index.php\/wp-json\/wp\/v2\/categories?post=8529"},{"taxonomy":"post_tag","embeddable":true,"href":"https:\/\/sgvaimudar.com.br\/index.php\/wp-json\/wp\/v2\/tags?post=8529"}],"curies":[{"name":"wp","href":"https:\/\/api.w.org\/{rel}","templated":true}]}}