{"id":8525,"date":"2024-07-05T09:54:29","date_gmt":"2024-07-05T12:54:29","guid":{"rendered":"https:\/\/sgvaimudar.com.br\/?p=8525"},"modified":"2024-07-05T09:54:30","modified_gmt":"2024-07-05T12:54:30","slug":"segundo-dia-de-obras-de-novo-espaco-de-lazer-na-area-do-piscinao-de-sao-goncalo-e-acompanhado-pelos-moradores","status":"publish","type":"post","link":"https:\/\/sgvaimudar.com.br\/index.php\/2024\/07\/05\/segundo-dia-de-obras-de-novo-espaco-de-lazer-na-area-do-piscinao-de-sao-goncalo-e-acompanhado-pelos-moradores\/","title":{"rendered":"Segundo dia de obras de novo espa\u00e7o de lazer na \u00e1rea do Piscin\u00e3o de S\u00e3o Gon\u00e7alo \u00e9 acompanhado pelos moradores"},"content":{"rendered":"\n<p><em>Nesta quinta-feira (4\/7), os oper\u00e1rios ganharam incentivos da popula\u00e7\u00e3o<\/em><\/p>\n\n\n\n<p>A maior op\u00e7\u00e3o de lazer para os moradores do Leste Fluminense, o Parque RJ, est\u00e1 em andamento no bairro Boa Vista, em S\u00e3o Gon\u00e7alo, onde funcionava o antigo Piscin\u00e3o, e j\u00e1 desperta a curiosidade da popula\u00e7\u00e3o, que n\u00e3o v\u00ea a hora de curtir o espa\u00e7o que ter\u00e1 35 mil metros quadrados, anfiteatro para 15 mil pessoas, pista de skate, academia, espa\u00e7o para crian\u00e7as, quadra poliesportiva e outros atrativos.<\/p>\n\n\n\n<figure class=\"wp-block-image size-large\"><img fetchpriority=\"high\" decoding=\"async\" width=\"1024\" height=\"768\" src=\"https:\/\/sgvaimudar.com.br\/wp-content\/uploads\/2024\/07\/WhatsApp-Image-2024-07-05-at-09.06.54-1024x768.jpeg\" alt=\"\" class=\"wp-image-8526\" srcset=\"https:\/\/sgvaimudar.com.br\/wp-content\/uploads\/2024\/07\/WhatsApp-Image-2024-07-05-at-09.06.54-1024x768.jpeg 1024w, https:\/\/sgvaimudar.com.br\/wp-content\/uploads\/2024\/07\/WhatsApp-Image-2024-07-05-at-09.06.54-300x225.jpeg 300w, https:\/\/sgvaimudar.com.br\/wp-content\/uploads\/2024\/07\/WhatsApp-Image-2024-07-05-at-09.06.54-768x576.jpeg 768w, https:\/\/sgvaimudar.com.br\/wp-content\/uploads\/2024\/07\/WhatsApp-Image-2024-07-05-at-09.06.54-1536x1152.jpeg 1536w, https:\/\/sgvaimudar.com.br\/wp-content\/uploads\/2024\/07\/WhatsApp-Image-2024-07-05-at-09.06.54.jpeg 1600w\" sizes=\"(max-width: 1024px) 100vw, 1024px\" \/><\/figure>\n\n\n\n<p>Nesta quinta-feira (4\/7), os oper\u00e1rios ganharam incentivos dos moradores que n\u00e3o aquentam mais a atual situa\u00e7\u00e3o e querem deixar para tr\u00e1s o passado de oito anos de abandono.\u00a0Segundo o Governo do estado, o local, vai receber um investimento de mais de R$ 44 milh\u00f5es. A constru\u00e7\u00e3o ser\u00e1 realizada pela Secretaria das Cidades, em parceria com a Prefeitura de S\u00e3o Gon\u00e7alo.<\/p>\n\n\n\n<p>A moradora do local Fernanda Oliveira, de 67 anos, visitou o canteiro de obras pelo segundo dia consecutivo, desta vez acompanhada pela neta Martha de 10 anos. A aposentada mais uma vez aproveitou para falar com os trabalhadores.<\/p>\n\n\n\n<p>Segundo ela, o Parque RJ servir\u00e1 para trazer os filhos e ter mais um momento em fam\u00edlia. &#8220;Esta obra t\u00e3o aguardada pela popula\u00e7\u00e3o vai dar dignidade. Estamos ansiosos para ver os equipamentos funcionando para os moradores, que muitas vezes t\u00eam dificuldade para se divertir&#8221;, disse a aposentada.<\/p>\n\n\n\n<p>Mesma opini\u00e3o do comerciantes Carlos Alberto Janu\u00e1rio ao destacar que as obras v\u00eam para contribuir com melhores condi\u00e7\u00f5es de vida e refor\u00e7ar o compromisso da gest\u00e3o p\u00fablica. \u201cMuito nos orgulha poder acompanhar o avan\u00e7o das obras neste bairro. S\u00e3o melhores condi\u00e7\u00f5es de acesso e valoriza\u00e7\u00e3o dos im\u00f3veis, al\u00e9m da qualidade de vida\u201d, afirmou o comerciante.<\/p>\n\n\n\n<p>Na ocasi\u00e3o do lan\u00e7amento do empreendimento, o governador Cl\u00e1udio Castro (PL) esteve na cerim\u00f4nia de inicializa\u00e7\u00e3o das obras, acompanhado do secret\u00e1rio de cidades, Douglas Ruas, e do prefeito de S\u00e3o Gon\u00e7alo, Capit\u00e3o Nelson (PL). A previs\u00e3o para a conclus\u00e3o das interven\u00e7\u00f5es \u00e9 para 2025.<\/p>\n\n\n\n<p><strong>S\u00e3o Gon\u00e7alo Vai Mudar. O Maior Portal da Cidade.<\/strong><\/p>\n\n\n\n<p><\/p>\n\n\n\n<p><\/p>\n\n\n\n<p><\/p>\n","protected":false},"excerpt":{"rendered":"<p>Nesta quinta-feira (4\/7), os oper\u00e1rios ganharam incentivos da popula\u00e7\u00e3o A maior op\u00e7\u00e3o de lazer para os moradores do Leste Fluminense,&hellip;<\/p>\n","protected":false},"author":5,"featured_media":8527,"comment_status":"open","ping_status":"open","sticky":false,"template":"","format":"standard","meta":{"fifu_image_url":"","fifu_image_alt":"","footnotes":""},"categories":[3],"tags":[],"class_list":["post-8525","post","type-post","status-publish","format-standard","has-post-thumbnail","hentry","category-sao-goncalo"],"_links":{"self":[{"href":"https:\/\/sgvaimudar.com.br\/index.php\/wp-json\/wp\/v2\/posts\/8525","targetHints":{"allow":["GET"]}}],"collection":[{"href":"https:\/\/sgvaimudar.com.br\/index.php\/wp-json\/wp\/v2\/posts"}],"about":[{"href":"https:\/\/sgvaimudar.com.br\/index.php\/wp-json\/wp\/v2\/types\/post"}],"author":[{"embeddable":true,"href":"https:\/\/sgvaimudar.com.br\/index.php\/wp-json\/wp\/v2\/users\/5"}],"replies":[{"embeddable":true,"href":"https:\/\/sgvaimudar.com.br\/index.php\/wp-json\/wp\/v2\/comments?post=8525"}],"version-history":[{"count":1,"href":"https:\/\/sgvaimudar.com.br\/index.php\/wp-json\/wp\/v2\/posts\/8525\/revisions"}],"predecessor-version":[{"id":8528,"href":"https:\/\/sgvaimudar.com.br\/index.php\/wp-json\/wp\/v2\/posts\/8525\/revisions\/8528"}],"wp:featuredmedia":[{"embeddable":true,"href":"https:\/\/sgvaimudar.com.br\/index.php\/wp-json\/wp\/v2\/media\/8527"}],"wp:attachment":[{"href":"https:\/\/sgvaimudar.com.br\/index.php\/wp-json\/wp\/v2\/media?parent=8525"}],"wp:term":[{"taxonomy":"category","embeddable":true,"href":"https:\/\/sgvaimudar.com.br\/index.php\/wp-json\/wp\/v2\/categories?post=8525"},{"taxonomy":"post_tag","embeddable":true,"href":"https:\/\/sgvaimudar.com.br\/index.php\/wp-json\/wp\/v2\/tags?post=8525"}],"curies":[{"name":"wp","href":"https:\/\/api.w.org\/{rel}","templated":true}]}}