{"id":8502,"date":"2024-07-04T12:00:00","date_gmt":"2024-07-04T15:00:00","guid":{"rendered":"https:\/\/sgvaimudar.com.br\/?p=8502"},"modified":"2024-07-04T09:35:26","modified_gmt":"2024-07-04T12:35:26","slug":"ciug-abre-pre-matricula-para-cursos-no-dia-11-de-julho","status":"publish","type":"post","link":"https:\/\/sgvaimudar.com.br\/index.php\/2024\/07\/04\/ciug-abre-pre-matricula-para-cursos-no-dia-11-de-julho\/","title":{"rendered":"Ciug abre pr\u00e9-matr\u00edcula para cursos no dia 11 de julho"},"content":{"rendered":"\n<p><em>H\u00e1 vagas para cursos de Ingl\u00eas, Espanhol, L\u00edngua Portuguesa e Reda\u00e7\u00e3o<\/em><\/p>\n\n\n\n<p>Quem deseja se matricular nos cursos de Ingl\u00eas, Espanhol ou L\u00edngua Portuguesa e Reda\u00e7\u00e3o, oferecidos pelo Centro Interescolar Ulysses Guimar\u00e3es (Ciug), no Porto da Madama, deve realizar a pr\u00e9-matr\u00edcula a partir das 10h do dia 11 de julho, at\u00e9 as 23h59 do dia 14 de julho, pelo\u00a0<a rel=\"noreferrer noopener\" href=\"https:\/\/click.cse360.com.br\/Click\/AddCampaignEmailClick\/3fc322db-a587-40de-5df5-08dc8ed60b1b\/https%253a%252f%252fsiseducsg.org.br%252fciug\/ab15f8fa-85b2-46af-ac93-a83d37a01593\/gutoaguia@gmail.com\/False\" target=\"_blank\">https:\/\/siseducsg.org.br\/ciug<\/a>\u00a0. A rela\u00e7\u00e3o dos candidatos classificados estar\u00e1 dispon\u00edvel a partir das 14h do dia 17 de julho, no mesmo site e no mural do Ciug.<\/p>\n\n\n\n<p>A pr\u00e9-matr\u00edcula oferecer\u00e1 260 vagas para Ingl\u00eas, 79 vagas para L\u00edngua Portuguesa e Reda\u00e7\u00e3o e 55 vagas para Espanhol, distribu\u00eddas nos turnos manh\u00e3, tarde e noite, de acordo com a disponibilidade da unidade.<\/p>\n\n\n\n<p>A efetiva\u00e7\u00e3o da matr\u00edcula ser\u00e1 realizada no Ciug, localizado \u00e0 Rua Doutor Gradim, s\/n\u00ba, Porto da Madama, nos dias 18 e 19 de julho, no hor\u00e1rio das 8h \u00e0s 19h. Os candidatos que j\u00e1 estiverem matriculados no Centro e realizarem nova inscri\u00e7\u00e3o para outro idioma n\u00e3o ser\u00e3o contemplados. Caso haja desist\u00eancia na efetiva\u00e7\u00e3o das matr\u00edculas, o resultado da reclassifica\u00e7\u00e3o estar\u00e1 dispon\u00edvel no site no dia 23 de julho, com matr\u00edcula no dia 24 de julho, no hor\u00e1rio das 8h \u00e0s 19h.<\/p>\n\n\n\n<p>De acordo com o regimento interno do Ciug, as vagas ser\u00e3o distribu\u00eddas prioritariamente na seguinte ordem: para estudantes da rede municipal de S\u00e3o Gon\u00e7alo; para funcion\u00e1rios da rede municipal de S\u00e3o Gon\u00e7alo; e para a comunidade em geral. Ser\u00e1 dada prioridade aos adolescentes de 13 a 17 anos na ocupa\u00e7\u00e3o das vagas dos turnos da manh\u00e3 e da tarde.<\/p>\n\n\n\n<p>Como pr\u00e9-requisito para se matricular, a idade m\u00ednima \u00e9 de 13 anos para os cursos diurnos e 15 anos para os cursos noturnos, al\u00e9m de estar cursando ou ter conclu\u00eddo o 7\u00ba ano do Ensino Fundamental. N\u00e3o h\u00e1 idade m\u00e1xima para estudar na unidade.<\/p>\n\n\n\n<p>Os candidatos ser\u00e3o matriculados nas turmas de acordo com a sua prefer\u00eancia de turno e a disponibilidade oferecida pelo Ciug. Ser\u00e1 desclassificado o aluno que efetuar mais de uma inscri\u00e7\u00e3o para o mesmo idioma. <\/p>\n\n\n\n<p>O candidato selecionado ter\u00e1 direito a cursar apenas um idioma; caso ele seja selecionado para dois idiomas, ter\u00e1 que fazer a op\u00e7\u00e3o no ato da matr\u00edcula. O candidato poder\u00e1 cursar um idioma concomitante ao curso de L\u00edngua Portuguesa e Reda\u00e7\u00e3o.<\/p>\n\n\n\n<p>Informa\u00e7\u00f5es obrigat\u00f3rias no ato da pr\u00e9-matr\u00edcula pela internet, s\u00e3o:<\/p>\n\n\n\n<p>Nome completo; CPF;  Endere\u00e7o completo com CEP; Telefone(s) para contato; E-mail; Data de nascimento; Nome completo dos pais; Nome social, se for o caso; Nome da escola em que estuda, se for o caso; Grau de escolaridade; Se funcion\u00e1rio\/ servidor da Prefeitura Municipal de S\u00e3o Gon\u00e7alo, identificar a Secretaria onde trabalha; Indica\u00e7\u00e3o do curso e turno que quer estudar.<\/p>\n","protected":false},"excerpt":{"rendered":"<p>Foto: F\u00e1bio Guimar\u00e3es<\/p>\n","protected":false},"author":5,"featured_media":0,"comment_status":"open","ping_status":"open","sticky":false,"template":"","format":"standard","meta":{"fifu_image_url":"","fifu_image_alt":"","footnotes":""},"categories":[3],"tags":[],"class_list":["post-8502","post","type-post","status-publish","format-standard","hentry","category-sao-goncalo"],"_links":{"self":[{"href":"https:\/\/sgvaimudar.com.br\/index.php\/wp-json\/wp\/v2\/posts\/8502","targetHints":{"allow":["GET"]}}],"collection":[{"href":"https:\/\/sgvaimudar.com.br\/index.php\/wp-json\/wp\/v2\/posts"}],"about":[{"href":"https:\/\/sgvaimudar.com.br\/index.php\/wp-json\/wp\/v2\/types\/post"}],"author":[{"embeddable":true,"href":"https:\/\/sgvaimudar.com.br\/index.php\/wp-json\/wp\/v2\/users\/5"}],"replies":[{"embeddable":true,"href":"https:\/\/sgvaimudar.com.br\/index.php\/wp-json\/wp\/v2\/comments?post=8502"}],"version-history":[{"count":1,"href":"https:\/\/sgvaimudar.com.br\/index.php\/wp-json\/wp\/v2\/posts\/8502\/revisions"}],"predecessor-version":[{"id":8504,"href":"https:\/\/sgvaimudar.com.br\/index.php\/wp-json\/wp\/v2\/posts\/8502\/revisions\/8504"}],"wp:attachment":[{"href":"https:\/\/sgvaimudar.com.br\/index.php\/wp-json\/wp\/v2\/media?parent=8502"}],"wp:term":[{"taxonomy":"category","embeddable":true,"href":"https:\/\/sgvaimudar.com.br\/index.php\/wp-json\/wp\/v2\/categories?post=8502"},{"taxonomy":"post_tag","embeddable":true,"href":"https:\/\/sgvaimudar.com.br\/index.php\/wp-json\/wp\/v2\/tags?post=8502"}],"curies":[{"name":"wp","href":"https:\/\/api.w.org\/{rel}","templated":true}]}}