{"id":8498,"date":"2024-07-04T11:00:00","date_gmt":"2024-07-04T14:00:00","guid":{"rendered":"https:\/\/sgvaimudar.com.br\/?p=8498"},"modified":"2024-07-04T09:30:02","modified_gmt":"2024-07-04T12:30:02","slug":"area-de-protecao-lidera-esforcos-na-preservacao-da-vida-silvestre-em-sao-goncalo","status":"publish","type":"post","link":"https:\/\/sgvaimudar.com.br\/index.php\/2024\/07\/04\/area-de-protecao-lidera-esforcos-na-preservacao-da-vida-silvestre-em-sao-goncalo\/","title":{"rendered":"\u00c1rea de prote\u00e7\u00e3o lidera esfor\u00e7os na preserva\u00e7\u00e3o da vida silvestre em S\u00e3o Gon\u00e7alo"},"content":{"rendered":"\n<p><em>Relat\u00f3rio de junho refor\u00e7a compromisso da \u00c1rea de Soltura de Animais Silvestres (Asas) com a manuten\u00e7\u00e3o dos ecossistemas locais<\/em><\/p>\n\n\n\n<p>A \u00c1rea de Soltura de Animais Silvestres (Asas), localizada na \u00c1rea de Prote\u00e7\u00e3o Ambiental (APA) das Est\u00e2ncias de Pendotiba, em Maria Paula, apresentou o relat\u00f3rio de atividades referente ao m\u00eas de junho de 2024, destacando o esfor\u00e7o cont\u00ednuo para preservar a biodiversidade local. A \u00e1rea de soltura recebeu 39 animais silvestres, dos quais 14 foram devolvidos ao habitat natural e 11 encaminhados para outras unidades de tratamento.<\/p>\n\n\n\n<figure class=\"wp-block-image size-full\"><img fetchpriority=\"high\" decoding=\"async\" width=\"488\" height=\"596\" src=\"https:\/\/sgvaimudar.com.br\/wp-content\/uploads\/2024\/07\/unnamed-9-1.jpg\" alt=\"\" class=\"wp-image-8499\" srcset=\"https:\/\/sgvaimudar.com.br\/wp-content\/uploads\/2024\/07\/unnamed-9-1.jpg 488w, https:\/\/sgvaimudar.com.br\/wp-content\/uploads\/2024\/07\/unnamed-9-1-246x300.jpg 246w\" sizes=\"(max-width: 488px) 100vw, 488px\" \/><\/figure>\n\n\n\n<p>A diversidade de esp\u00e9cies recebidas reflete a riqueza da biodiversidade da regi\u00e3o. Entre os animais atendidos em junho est\u00e3o o gamb\u00e1-de-orelha-preta, a andorinha-chilena, o ouri\u00e7o-cacheiro, a corujinha-do-mato, o gavi\u00e3o-carij\u00f3, o gib\u00e3o-de-couro, a lavadeira-mascarada, o sabi\u00e1-laranjeira, o soc\u00f3-dorminhoco, o anu-branco, o sanha\u00e7o-cinzento, a cip\u00f3-bicuda, a jiboia e o fur\u00e3o-pequeno.<\/p>\n\n\n\n<p>O secret\u00e1rio de Meio Ambiente, Carlos Afonso, pontuou a import\u00e2ncia da \u00e1rea de soltura para a preserva\u00e7\u00e3o das esp\u00e9cies.<\/p>\n\n\n\n<p>\u201cA conserva\u00e7\u00e3o das esp\u00e9cies \u00e9 fundamental para a sa\u00fade do nosso planeta. Cada animal resgatado e reintroduzido \u00e9 uma vit\u00f3ria na luta pela preserva\u00e7\u00e3o da biodiversidade no nosso munic\u00edpio. Devemos continuar apoiando iniciativas como a Asas, promovendo a educa\u00e7\u00e3o ambiental para garantir que nossas a\u00e7\u00f5es hoje, resultem em um futuro sustent\u00e1vel para todas as esp\u00e9cies\u201d.<\/p>\n\n\n\n<p>\u00c9 importante ressaltar que a Asas n\u00e3o realiza o resgate de animais dom\u00e9sticos que tenham sofrido acidentes ou maus-tratos. A \u00e1rea de soltura destina-se exclusivamente ao recebimento de animais silvestres que necessitam de resgate.<\/p>\n\n\n\n<p><strong>Contato para resgate de animais silvestres pela Asas:<\/strong><\/p>\n\n\n\n<p>Telefone da Asas: (21) 2199-6336<\/p>\n\n\n\n<p>Endere\u00e7o: Rua Rigel Pacca Corr\u00eaa, Maria Paula (APA das Est\u00e2ncias de Pendotiba); Comando de Pol\u00edcia Ambiental, telefone: 0300 253 1177.<\/p>\n","protected":false},"excerpt":{"rendered":"<p>Relat\u00f3rio de junho refor\u00e7a compromisso da \u00c1rea de Soltura de Animais Silvestres (Asas) com a manuten\u00e7\u00e3o dos ecossistemas locais A&hellip;<\/p>\n","protected":false},"author":5,"featured_media":8500,"comment_status":"open","ping_status":"open","sticky":false,"template":"","format":"standard","meta":{"fifu_image_url":"","fifu_image_alt":"","footnotes":""},"categories":[3],"tags":[],"class_list":["post-8498","post","type-post","status-publish","format-standard","has-post-thumbnail","hentry","category-sao-goncalo"],"_links":{"self":[{"href":"https:\/\/sgvaimudar.com.br\/index.php\/wp-json\/wp\/v2\/posts\/8498","targetHints":{"allow":["GET"]}}],"collection":[{"href":"https:\/\/sgvaimudar.com.br\/index.php\/wp-json\/wp\/v2\/posts"}],"about":[{"href":"https:\/\/sgvaimudar.com.br\/index.php\/wp-json\/wp\/v2\/types\/post"}],"author":[{"embeddable":true,"href":"https:\/\/sgvaimudar.com.br\/index.php\/wp-json\/wp\/v2\/users\/5"}],"replies":[{"embeddable":true,"href":"https:\/\/sgvaimudar.com.br\/index.php\/wp-json\/wp\/v2\/comments?post=8498"}],"version-history":[{"count":1,"href":"https:\/\/sgvaimudar.com.br\/index.php\/wp-json\/wp\/v2\/posts\/8498\/revisions"}],"predecessor-version":[{"id":8501,"href":"https:\/\/sgvaimudar.com.br\/index.php\/wp-json\/wp\/v2\/posts\/8498\/revisions\/8501"}],"wp:featuredmedia":[{"embeddable":true,"href":"https:\/\/sgvaimudar.com.br\/index.php\/wp-json\/wp\/v2\/media\/8500"}],"wp:attachment":[{"href":"https:\/\/sgvaimudar.com.br\/index.php\/wp-json\/wp\/v2\/media?parent=8498"}],"wp:term":[{"taxonomy":"category","embeddable":true,"href":"https:\/\/sgvaimudar.com.br\/index.php\/wp-json\/wp\/v2\/categories?post=8498"},{"taxonomy":"post_tag","embeddable":true,"href":"https:\/\/sgvaimudar.com.br\/index.php\/wp-json\/wp\/v2\/tags?post=8498"}],"curies":[{"name":"wp","href":"https:\/\/api.w.org\/{rel}","templated":true}]}}