{"id":8480,"date":"2024-07-04T08:19:17","date_gmt":"2024-07-04T11:19:17","guid":{"rendered":"https:\/\/sgvaimudar.com.br\/?p=8480"},"modified":"2024-07-04T08:21:34","modified_gmt":"2024-07-04T11:21:34","slug":"ao-lado-do-prefeito-capitao-nelson-governador-claudio-castro-anuncia-inicio-de-obras-do-parque-rj-sao-goncalo","status":"publish","type":"post","link":"https:\/\/sgvaimudar.com.br\/index.php\/2024\/07\/04\/ao-lado-do-prefeito-capitao-nelson-governador-claudio-castro-anuncia-inicio-de-obras-do-parque-rj-sao-goncalo\/","title":{"rendered":"Ao lado do prefeito Capit\u00e3o Nelson, governador Cl\u00e1udio Castro anuncia in\u00edcio de obras do Parque RJ S\u00e3o Gon\u00e7alo"},"content":{"rendered":"\n<p><em>Espa\u00e7o de lazer ocupar\u00e1 \u00e1rea abandonada do antigo piscin\u00e3o<\/em><\/p>\n\n\n\n<p>O governador do Rio de Janeiro Cl\u00e1udio Castro, ao lado do prefeito Capit\u00e3o Nelson e do secret\u00e1rio das Cidades, Douglas Ruas, lan\u00e7ou as obras do Parque RJ, nova \u00e1rea de lazer em S\u00e3o Gon\u00e7alo, nesta quarta-feira (03\/07). O espa\u00e7o, onde funcionava o antigo Piscin\u00e3o, no bairro Boa Vista, ter\u00e1 35 mil metros quadrados e vai dispor de anfiteatro com capacidade para 15 mil pessoas, skatepark com half pipe, academia, espa\u00e7o kids, cascatas, quadra poliesportiva, entre outros atrativos.<\/p>\n\n\n\n<figure class=\"wp-block-video\"><video controls src=\"https:\/\/sgvaimudar.com.br\/b46e51da-c95d-48da-9420-34a46168c116\"><\/video><\/figure>\n\n\n\n<p>As obras s\u00e3o realizadas pelo Governo do Estado do Rio, por meio da Secretaria das Cidades, em parceria com a Prefeitura de S\u00e3o Gon\u00e7alo.<\/p>\n\n\n\n<p>O equipamento, que est\u00e1 desativado desde 2016, vai receber um investimento de mais de R$ 44 milh\u00f5es para que volte a ser op\u00e7\u00e3o de lazer para os moradores do Leste Fluminense.<\/p>\n\n\n\n<p>&#8211; \u00c9 uma alegria poder retomar esse espa\u00e7o, que j\u00e1 foi do Estado. Hoje, demos o pontap\u00e9 para que o local volte a ser ocupado por quem de fato merece usar. S\u00e3o Gon\u00e7alo tem uma popula\u00e7\u00e3o guerreira e batalhadora, e \u00e9 mais do que justo que tenha um equipamento desse porte como \u00e1rea de lazer. Nosso governo est\u00e1 olhando para todas as regi\u00f5es do estado, e n\u00e3o \u00e9 diferente com o Leste Fluminense &#8211; enfatizou o governador do Rio, Cl\u00e1udio Castro.<\/p>\n\n\n\n<figure class=\"wp-block-image size-large\"><img fetchpriority=\"high\" decoding=\"async\" width=\"1024\" height=\"684\" src=\"https:\/\/sgvaimudar.com.br\/wp-content\/uploads\/2024\/07\/unnamed-6-1024x684.jpg\" alt=\"\" class=\"wp-image-8481\" srcset=\"https:\/\/sgvaimudar.com.br\/wp-content\/uploads\/2024\/07\/unnamed-6-1024x684.jpg 1024w, https:\/\/sgvaimudar.com.br\/wp-content\/uploads\/2024\/07\/unnamed-6-300x200.jpg 300w, https:\/\/sgvaimudar.com.br\/wp-content\/uploads\/2024\/07\/unnamed-6-768x513.jpg 768w, https:\/\/sgvaimudar.com.br\/wp-content\/uploads\/2024\/07\/unnamed-6-1536x1027.jpg 1536w, https:\/\/sgvaimudar.com.br\/wp-content\/uploads\/2024\/07\/unnamed-6.jpg 1616w\" sizes=\"(max-width: 1024px) 100vw, 1024px\" \/><\/figure>\n\n\n\n<p>Durante o evento, o governador tamb\u00e9m falou sobre a expectativa dos moradores de S\u00e3o Gon\u00e7alo em receber a \u00e1rea de lazer na \u00e1rea que estava abandonada.<\/p>\n\n\n\n<p>&#8211; Tem algumas obras no nosso estado que n\u00e3o s\u00e3o apenas locais abandonados. S\u00e3o sonhos da popula\u00e7\u00e3o que foram jogados fora. \u00c9 dinheiro do povo, dinheiro suado do imposto que foi jogado fora. Obras como este parque v\u00e3o ajudar no esporte e no lazer, proporcionando melhor qualidade de vida aos moradores de S\u00e3o Gon\u00e7alo &#8211; disse o governador.<\/p>\n\n\n\n<figure class=\"wp-block-image size-large\"><img decoding=\"async\" width=\"1024\" height=\"684\" src=\"https:\/\/sgvaimudar.com.br\/wp-content\/uploads\/2024\/07\/unnamed-4-1024x684.jpg\" alt=\"\" class=\"wp-image-8482\" srcset=\"https:\/\/sgvaimudar.com.br\/wp-content\/uploads\/2024\/07\/unnamed-4-1024x684.jpg 1024w, https:\/\/sgvaimudar.com.br\/wp-content\/uploads\/2024\/07\/unnamed-4-300x200.jpg 300w, https:\/\/sgvaimudar.com.br\/wp-content\/uploads\/2024\/07\/unnamed-4-768x513.jpg 768w, https:\/\/sgvaimudar.com.br\/wp-content\/uploads\/2024\/07\/unnamed-4-1536x1027.jpg 1536w, https:\/\/sgvaimudar.com.br\/wp-content\/uploads\/2024\/07\/unnamed-4.jpg 1616w\" sizes=\"(max-width: 1024px) 100vw, 1024px\" \/><\/figure>\n\n\n\n<p>O prefeito de S\u00e3o Gon\u00e7alo, Capit\u00e3o Nelson, disse que a obra \u00e9 um sonho de milhares de gon\u00e7alenses que est\u00e1 prestes a ser realizada.\u00a0<\/p>\n\n\n\n<p>\u201c\u00c9 com muita emo\u00e7\u00e3o que vivencio esse momento. Esse espa\u00e7o est\u00e1 abandonado desde 2013 e, atrav\u00e9s dessa grande parceria com o Governo do Estado, vamos conseguir devolver essa alegria para o gon\u00e7alense. S\u00e3o Gon\u00e7alo precisa de parceiros que trabalhem pela mudan\u00e7a da cidade e estamos trabalhando incansavelmente pela autoestima do morador de S\u00e3o Gon\u00e7alo e tenho certeza que temos conseguido. O Parque RJ ser\u00e1 muito importante para o desenvolvimento do esporte, lazer e cultura da nossa cidade e vamos trabalhar para a conclus\u00e3o dessa obra\u201d, destacou o prefeito Capit\u00e3o Nelson.\u00a0<\/p>\n\n\n\n<figure class=\"wp-block-image size-large\"><img decoding=\"async\" width=\"1024\" height=\"684\" src=\"https:\/\/sgvaimudar.com.br\/wp-content\/uploads\/2024\/07\/unnamed-5-1-1024x684.jpg\" alt=\"\" class=\"wp-image-8483\" srcset=\"https:\/\/sgvaimudar.com.br\/wp-content\/uploads\/2024\/07\/unnamed-5-1-1024x684.jpg 1024w, https:\/\/sgvaimudar.com.br\/wp-content\/uploads\/2024\/07\/unnamed-5-1-300x200.jpg 300w, https:\/\/sgvaimudar.com.br\/wp-content\/uploads\/2024\/07\/unnamed-5-1-768x513.jpg 768w, https:\/\/sgvaimudar.com.br\/wp-content\/uploads\/2024\/07\/unnamed-5-1-1536x1027.jpg 1536w, https:\/\/sgvaimudar.com.br\/wp-content\/uploads\/2024\/07\/unnamed-5-1.jpg 1616w\" sizes=\"(max-width: 1024px) 100vw, 1024px\" \/><\/figure>\n\n\n\n<p>\u00c0 frente da secretaria das Cidades, Douglas Ruas agradeceu a parceria com a Prefeitura de S\u00e3o Gon\u00e7alo na constru\u00e7\u00e3o e reforma do equipamento.<\/p>\n\n\n\n<p>&#8211; Por muitos anos vimos essa \u00e1rea degradada e subutilizada. \u00c9 um cart\u00e3o-postal da cidade, ao lado da Praia das Pedrinhas e \u00e0s margens da BR-101. Para n\u00f3s, que somos moradores do munic\u00edpio, \u00e9 muito gratificante poder ajudar a revitalizar esse espa\u00e7o. S\u00f3 no munic\u00edpio, estamos com investimentos que ultrapassam os R$ 600 milh\u00f5es em obras que a popula\u00e7\u00e3o v\u00ea de perto e que v\u00e3o mudar por completo a sua realidade &#8211; falou o chefe da pasta.<\/p>\n\n\n\n<figure class=\"wp-block-image size-large\"><img loading=\"lazy\" decoding=\"async\" width=\"1024\" height=\"683\" src=\"https:\/\/sgvaimudar.com.br\/wp-content\/uploads\/2024\/07\/RWB_2802-1024x683.jpg\" alt=\"\" class=\"wp-image-8484\" srcset=\"https:\/\/sgvaimudar.com.br\/wp-content\/uploads\/2024\/07\/RWB_2802-1024x683.jpg 1024w, https:\/\/sgvaimudar.com.br\/wp-content\/uploads\/2024\/07\/RWB_2802-300x200.jpg 300w, https:\/\/sgvaimudar.com.br\/wp-content\/uploads\/2024\/07\/RWB_2802-768x512.jpg 768w, https:\/\/sgvaimudar.com.br\/wp-content\/uploads\/2024\/07\/RWB_2802-1536x1024.jpg 1536w, https:\/\/sgvaimudar.com.br\/wp-content\/uploads\/2024\/07\/RWB_2802.jpg 1620w\" sizes=\"(max-width: 1024px) 100vw, 1024px\" \/><\/figure>\n\n\n\n<p>Quem passou pelo local, se mostrou animado com a revitaliza\u00e7\u00e3o do espa\u00e7o, como o pedreiro Andr\u00e9 Gomes.&nbsp;<\/p>\n\n\n\n<p>&#8211; Eu frequentava o Piscin\u00e3o e curtia quando era mais novo. Ficamos tristes, pois \u00e9 um espa\u00e7o que est\u00e1 desativado e ficamos sem essa \u00e1rea de lazer. Agora, com essa obra, o Parque RJ servir\u00e1 para trazer nossos filhos e ter mais um momento em fam\u00edlia &#8211; comemorou.<\/p>\n\n\n\n<figure class=\"wp-block-image size-large\"><img loading=\"lazy\" decoding=\"async\" width=\"1024\" height=\"576\" src=\"https:\/\/sgvaimudar.com.br\/wp-content\/uploads\/2024\/07\/unnamed-7-1-1024x576.jpg\" alt=\"\" class=\"wp-image-8485\" srcset=\"https:\/\/sgvaimudar.com.br\/wp-content\/uploads\/2024\/07\/unnamed-7-1-1024x576.jpg 1024w, https:\/\/sgvaimudar.com.br\/wp-content\/uploads\/2024\/07\/unnamed-7-1-300x169.jpg 300w, https:\/\/sgvaimudar.com.br\/wp-content\/uploads\/2024\/07\/unnamed-7-1-768x432.jpg 768w, https:\/\/sgvaimudar.com.br\/wp-content\/uploads\/2024\/07\/unnamed-7-1-1536x864.jpg 1536w, https:\/\/sgvaimudar.com.br\/wp-content\/uploads\/2024\/07\/unnamed-7-1.jpg 1599w\" sizes=\"(max-width: 1024px) 100vw, 1024px\" \/><\/figure>\n\n\n\n<p>A previs\u00e3o para a conclus\u00e3o das interven\u00e7\u00f5es \u00e9 para 2025.<\/p>\n\n\n\n<p><strong>Vista Alegre<\/strong><\/p>\n\n\n\n<p>No in\u00edcio da noite, a comitiva ainda acompanhou a entrega das obras do bairro de Vista Alegre. Executadas pelo Governo do Estado, por meio da Secretaria das Cidades, em parceria com a Prefeitura de S\u00e3o Gon\u00e7alo, o projeto contemplou a revitaliza\u00e7\u00e3o de 23 ruas do bairro, que receberam melhorias com drenagem, cal\u00e7amento e pavimenta\u00e7\u00e3o, com investimentos de mais de R$ 34 milh\u00f5es.<\/p>\n\n\n\n<p>Participaram da solenidade o vice-prefeito de S\u00e3o Gon\u00e7alo, S\u00e9rgio Gev\u00fa; o presidente da Alerj, Rodrigo Bacellar; o secret\u00e1rio Estado de Ambiente e Sustentabilidade, Bernardo Rossi; o presidente da Concession\u00e1ria \u00c1guas do Rio, Alexandre Bianchini; e vereadores de S\u00e3o Gon\u00e7alo.<\/p>\n","protected":false},"excerpt":{"rendered":"<p>Espa\u00e7o de lazer ocupar\u00e1 \u00e1rea abandonada do antigo piscin\u00e3o O governador do Rio de Janeiro Cl\u00e1udio Castro, ao lado do&hellip;<\/p>\n","protected":false},"author":5,"featured_media":8486,"comment_status":"open","ping_status":"open","sticky":false,"template":"","format":"standard","meta":{"fifu_image_url":"","fifu_image_alt":"","footnotes":""},"categories":[3],"tags":[],"class_list":["post-8480","post","type-post","status-publish","format-standard","has-post-thumbnail","hentry","category-sao-goncalo"],"_links":{"self":[{"href":"https:\/\/sgvaimudar.com.br\/index.php\/wp-json\/wp\/v2\/posts\/8480","targetHints":{"allow":["GET"]}}],"collection":[{"href":"https:\/\/sgvaimudar.com.br\/index.php\/wp-json\/wp\/v2\/posts"}],"about":[{"href":"https:\/\/sgvaimudar.com.br\/index.php\/wp-json\/wp\/v2\/types\/post"}],"author":[{"embeddable":true,"href":"https:\/\/sgvaimudar.com.br\/index.php\/wp-json\/wp\/v2\/users\/5"}],"replies":[{"embeddable":true,"href":"https:\/\/sgvaimudar.com.br\/index.php\/wp-json\/wp\/v2\/comments?post=8480"}],"version-history":[{"count":2,"href":"https:\/\/sgvaimudar.com.br\/index.php\/wp-json\/wp\/v2\/posts\/8480\/revisions"}],"predecessor-version":[{"id":8488,"href":"https:\/\/sgvaimudar.com.br\/index.php\/wp-json\/wp\/v2\/posts\/8480\/revisions\/8488"}],"wp:featuredmedia":[{"embeddable":true,"href":"https:\/\/sgvaimudar.com.br\/index.php\/wp-json\/wp\/v2\/media\/8486"}],"wp:attachment":[{"href":"https:\/\/sgvaimudar.com.br\/index.php\/wp-json\/wp\/v2\/media?parent=8480"}],"wp:term":[{"taxonomy":"category","embeddable":true,"href":"https:\/\/sgvaimudar.com.br\/index.php\/wp-json\/wp\/v2\/categories?post=8480"},{"taxonomy":"post_tag","embeddable":true,"href":"https:\/\/sgvaimudar.com.br\/index.php\/wp-json\/wp\/v2\/tags?post=8480"}],"curies":[{"name":"wp","href":"https:\/\/api.w.org\/{rel}","templated":true}]}}