{"id":8471,"date":"2024-07-03T10:24:17","date_gmt":"2024-07-03T13:24:17","guid":{"rendered":"https:\/\/sgvaimudar.com.br\/?p=8471"},"modified":"2024-07-03T10:24:18","modified_gmt":"2024-07-03T13:24:18","slug":"mais-lider-que-nunca-flamengo-enfrenta-atletico-mg-hoje-a-noite-em-belo-horizonte","status":"publish","type":"post","link":"https:\/\/sgvaimudar.com.br\/index.php\/2024\/07\/03\/mais-lider-que-nunca-flamengo-enfrenta-atletico-mg-hoje-a-noite-em-belo-horizonte\/","title":{"rendered":"Mais l\u00edder que nunca Flamengo enfrenta Atl\u00e9tico-MG hoje \u00e0 noite, em Belo Horizonte"},"content":{"rendered":"\n<p>A 14\u00aa rodada do Campeonato Brasileiro ter\u00e1 como uma de suas maiores atra\u00e7\u00f5es o confronto entre o l\u00edder Flamengo, que tem 27 pontos, e o 11\u00ba colocado Atl\u00e9tico-MG, que soma 18. E a partida, que ser\u00e1 disputada a partir das 21h30 (hor\u00e1rio de Bras\u00edlia) desta quarta-feira (3) na Arena MRV, em Belo Horizonte.<\/p>\n\n\n\n<p>O Galo vem de um empate, de 1 a 1, com o Atl\u00e9tico-GO dentro de casa. O resultado gerou mal-estar ap\u00f3s Hulk reclamar publicamente do fato de a bola n\u00e3o chegar em boas condi\u00e7\u00f5es aos jogadores de ataque. Durante entrevista coletiva ap\u00f3s o resultado, o t\u00e9cnico argentino Diego Milito n\u00e3o aprovou a reclama\u00e7\u00e3o do experiente atacante: \u201cSe h\u00e1 alguma queixa, ela deve ser feita na intimidade. Publicamente, n\u00e3o gosto que os jogadores digam nada. Internamente, eu falo e comento coisas, os jogadores falam, mas entre n\u00f3s temos que ter essa fortaleza interna, privada\u201d.<\/p>\n\n\n\n<p>Quem chegou na \u00faltima ter\u00e7a-feira (2) \u00e0 capital de Minas Gerais para refor\u00e7ar o Galo \u00e9 o zagueiro Lyanco. Por\u00e9m, o jogador de 27 anos s\u00f3 poder\u00e1 estrear ap\u00f3s o dia 10, quando estar\u00e1 aberta a janela de transfer\u00eancias no futebol brasileiro.<\/p>\n\n\n\n<p>O Atl\u00e9tico-MG ter\u00e1 o retorno do meio-campista Gustavo Scarpa e do zagueiro Bruno Fuchs, que cumpriram suspens\u00e3o na \u00faltima rodada. Outro refor\u00e7o que pode estar \u00e0 disposi\u00e7\u00e3o de Milito \u00e9 Eduardo Vargas. O atacante chileno retorna ao Brasil ap\u00f3s servir a sele\u00e7\u00e3o do Chile na Copa Am\u00e9rica.<\/p>\n\n\n\n<p>Pelo lado flamenguista, o volante Erick Pulgar, que tamb\u00e9m estava na Copa Am\u00e9rica com o Chile, pode refor\u00e7ar o elenco do t\u00e9cnico Tite. O Rubro-Negro vem de triunfo, de 2 a 1 sobre o Cruzeiro, no Maracan\u00e3. O gol da vit\u00f3ria foi do zagueiro Fabr\u00edcio Bruno.<\/p>\n\n\n\n<p>\u201cVenho de um longo jejum sem fazer gol. Meus \u00faltimos gols foram, no ano passado, durante o Campeonato do Carioca. Ent\u00e3o, esse gol foi muito importante para mim e me cobro no dia a dia para que eu possa entregar ofensivamente\u201d, declarou o defensor.<\/p>\n\n\n\n<p>Al\u00e9m dos uruguaios que est\u00e3o na Copa Am\u00e9rica (Arrascaeta, De La Cruz, Vi\u00f1a e Varela), Tite n\u00e3o poder\u00e1 contar com os contundidos Igor Jesus e Everton Cebolinha. J\u00e1 o atacante Gabriel Barbosa n\u00e3o viajou e segue no Rio, pois existe a possibilidade de ele ser negociado e deixar o Flamengo.<\/p>\n","protected":false},"excerpt":{"rendered":"<p>A 14\u00aa rodada do Campeonato Brasileiro ter\u00e1 como uma de suas maiores atra\u00e7\u00f5es o confronto entre o l\u00edder Flamengo, que&hellip;<\/p>\n","protected":false},"author":5,"featured_media":8472,"comment_status":"open","ping_status":"open","sticky":false,"template":"","format":"standard","meta":{"fifu_image_url":"","fifu_image_alt":"","footnotes":""},"categories":[5],"tags":[],"class_list":["post-8471","post","type-post","status-publish","format-standard","has-post-thumbnail","hentry","category-esportes"],"_links":{"self":[{"href":"https:\/\/sgvaimudar.com.br\/index.php\/wp-json\/wp\/v2\/posts\/8471","targetHints":{"allow":["GET"]}}],"collection":[{"href":"https:\/\/sgvaimudar.com.br\/index.php\/wp-json\/wp\/v2\/posts"}],"about":[{"href":"https:\/\/sgvaimudar.com.br\/index.php\/wp-json\/wp\/v2\/types\/post"}],"author":[{"embeddable":true,"href":"https:\/\/sgvaimudar.com.br\/index.php\/wp-json\/wp\/v2\/users\/5"}],"replies":[{"embeddable":true,"href":"https:\/\/sgvaimudar.com.br\/index.php\/wp-json\/wp\/v2\/comments?post=8471"}],"version-history":[{"count":1,"href":"https:\/\/sgvaimudar.com.br\/index.php\/wp-json\/wp\/v2\/posts\/8471\/revisions"}],"predecessor-version":[{"id":8473,"href":"https:\/\/sgvaimudar.com.br\/index.php\/wp-json\/wp\/v2\/posts\/8471\/revisions\/8473"}],"wp:featuredmedia":[{"embeddable":true,"href":"https:\/\/sgvaimudar.com.br\/index.php\/wp-json\/wp\/v2\/media\/8472"}],"wp:attachment":[{"href":"https:\/\/sgvaimudar.com.br\/index.php\/wp-json\/wp\/v2\/media?parent=8471"}],"wp:term":[{"taxonomy":"category","embeddable":true,"href":"https:\/\/sgvaimudar.com.br\/index.php\/wp-json\/wp\/v2\/categories?post=8471"},{"taxonomy":"post_tag","embeddable":true,"href":"https:\/\/sgvaimudar.com.br\/index.php\/wp-json\/wp\/v2\/tags?post=8471"}],"curies":[{"name":"wp","href":"https:\/\/api.w.org\/{rel}","templated":true}]}}