{"id":8467,"date":"2024-07-03T20:00:00","date_gmt":"2024-07-03T23:00:00","guid":{"rendered":"https:\/\/sgvaimudar.com.br\/?p=8467"},"modified":"2024-07-03T10:20:25","modified_gmt":"2024-07-03T13:20:25","slug":"sao-goncalo-entrega-mais-duas-unidades-de-saude-revitalizadas","status":"publish","type":"post","link":"https:\/\/sgvaimudar.com.br\/index.php\/2024\/07\/03\/sao-goncalo-entrega-mais-duas-unidades-de-saude-revitalizadas\/","title":{"rendered":"S\u00e3o Gon\u00e7alo entrega mais duas unidades de sa\u00fade revitalizadas"},"content":{"rendered":"\n<p><em>J\u00e1 s\u00e3o 43 USFs totalmente remodeladas e ampliadas pela Prefeitura. Prefeito refor\u00e7a a import\u00e2ncia do acolhimento<\/em><\/p>\n\n\n\n<p>Mais dois bairros ganharam unidades de sa\u00fade revitalizadas. Os moradores do J\u00f3quei receberam a USF Maril\u00e9a Cardoso; os do Recanto das Ac\u00e1cias, a USF David Capistrano. As unidades v\u00e3o dar atendimento mais humanizado em ambientes adequados e dentro das normas da Ag\u00eancia Nacional de Vigil\u00e2ncia Sanit\u00e1ria (Anvisa). <\/p>\n\n\n\n<figure class=\"wp-block-image size-large\"><img fetchpriority=\"high\" decoding=\"async\" width=\"1024\" height=\"684\" src=\"https:\/\/sgvaimudar.com.br\/wp-content\/uploads\/2024\/07\/unnamed-2-2-1024x684.jpg\" alt=\"\" class=\"wp-image-8468\" srcset=\"https:\/\/sgvaimudar.com.br\/wp-content\/uploads\/2024\/07\/unnamed-2-2-1024x684.jpg 1024w, https:\/\/sgvaimudar.com.br\/wp-content\/uploads\/2024\/07\/unnamed-2-2-300x200.jpg 300w, https:\/\/sgvaimudar.com.br\/wp-content\/uploads\/2024\/07\/unnamed-2-2-768x513.jpg 768w, https:\/\/sgvaimudar.com.br\/wp-content\/uploads\/2024\/07\/unnamed-2-2-1536x1027.jpg 1536w, https:\/\/sgvaimudar.com.br\/wp-content\/uploads\/2024\/07\/unnamed-2-2.jpg 1616w\" sizes=\"(max-width: 1024px) 100vw, 1024px\" \/><\/figure>\n\n\n\n<p>As unidades s\u00e3o as 42\u00aa e 43\u00aa entregues pelo prefeito Capit\u00e3o Nelson, respectivamente, completamente renovadas na alvenaria, no mobili\u00e1rio e equipamentos.\u00a0\u00a0\u00a0<\/p>\n\n\n\n<p>\u201c\u00c9 sempre uma satisfa\u00e7\u00e3o entregar mais uma unidade completamente revitalizada. Temos compromisso com S\u00e3o Gon\u00e7alo e quero uma cidade melhor. Hoje, as pessoas batem no peito com orgulho para falar que moram em S\u00e3o Gon\u00e7alo. Estamos trabalhando muito e o trabalho est\u00e1 sempre em primeiro lugar. Assim conseguimos mudar a cidade. Essa unidade \u00e9 mais um exemplo disso. Agora, voc\u00eas t\u00eam um lugar para trabalhar dignamente e para atender bem os pacientes. Quem vem aqui, n\u00e3o vem \u00e0 toa. Preciso do profissionalismo e do bom atendimento de voc\u00eas para tudo dar certo\u201d, disse o prefeito Capit\u00e3o Nelson, na entrega da USF do J\u00f3quei.<\/p>\n\n\n\n<p>Com novos consult\u00f3rios e salas espec\u00edficas para os servi\u00e7os, a Maril\u00e9a Cardoso tem capacidade para atender 8 mil usu\u00e1rios com m\u00e9dicos, dentistas, enfermeiros, t\u00e9cnicos de enfermagem,\u00a0agentes comunit\u00e1rios de sa\u00fade, nutricionista, fisioterapeuta, educador f\u00edsico, assistente social, psic\u00f3logo e fonoaudi\u00f3logo.\u00a0<\/p>\n\n\n\n<p>Os programas da Aten\u00e7\u00e3o B\u00e1sica tamb\u00e9m est\u00e3o dispon\u00edveis com servi\u00e7os de pr\u00e9-natal, preventivo, puericultura, medi\u00e7\u00e3o da press\u00e3o arterial e da glicose. H\u00e1 tamb\u00e9m vacina\u00e7\u00e3o, servi\u00e7o de curativo e exames laboratoriais de sangue, urina e fezes.\u00a0<\/p>\n\n\n\n<p>As unidades de sa\u00fade de S\u00e3o Gon\u00e7alo est\u00e3o sendo padronizadas e recebendo pisos novos, pintura, climatiza\u00e7\u00e3o, adequa\u00e7\u00f5es gerais e de acessibilidade (rampa, piso t\u00e1til, barras, banheiros adaptados para pessoas com defici\u00eancia), al\u00e9m da revitaliza\u00e7\u00e3o da fachada e revis\u00e3o el\u00e9trica \u2013 tudo conforme as normas da Anvisa: a RDC 50, que diz respeito aos ambientes e a NBR 9050, sobre acessibilidade.\u00a0\u00a0\u00a0\u00a0<\/p>\n\n\n\n<p>\u201cNosso lema \u00e9 trabalho e acolhimento para a popula\u00e7\u00e3o. A unidade anterior n\u00e3o dava qualidade nos atendimentos para os pacientes. Agora, com a nova estrutura, devemos atender bem as pessoas, devemos ser resolutivos. N\u00f3s estamos trabalhando muito e somos uma engrenagem. Todos t\u00eam que trabalhar bem para que a ponta funcione direito e n\u00e3o sobrecarregue a emerg\u00eancia. Somos servidores e estamos aqui para servir as pessoas\u201d, refor\u00e7ou o secret\u00e1rio de Sa\u00fade, Dr. Gleison Rocha.\u00a0<\/p>\n\n\n\n<p><strong>David Capistrano<\/strong>\u00a0\u2013 A unidade do Recanto das Ac\u00e1cias tem capacidade para atender 4 mil usu\u00e1rios com atendimentos m\u00e9dico e odontol\u00f3gico, al\u00e9m da equipe eMulti \u2013 equipe multiprofissional composta por nutricionista, fisioterapeuta, educador f\u00edsico, assistente social, psic\u00f3logo e que trabalha de maneira complementar e integrada aos outros profissionais.<\/p>\n\n\n\n<p>Tamb\u00e9m est\u00e3o dispon\u00edveis os programas da Aten\u00e7\u00e3o B\u00e1sica com enfermeiro, t\u00e9cnico de enfermagem com servi\u00e7os de pr\u00e9-natal, puericultura, preventivo, aferi\u00e7\u00e3o de press\u00e3o arterial e glicose, al\u00e9m de exames laboratoriais. Agentes comunit\u00e1rios de sa\u00fade dar\u00e3o o suporte para os agendamentos das consultas.\u00a0\u00a0\u00a0\u00a0<\/p>\n\n\n\n<p><strong>Unidades da rede b\u00e1sica entregues:&nbsp;<\/strong><\/p>\n\n\n\n<p>1 &#8211; Santa Luzia&nbsp;<\/p>\n\n\n\n<p>2 &#8211; Robert Koch, Patronato&nbsp;<\/p>\n\n\n\n<p>3 &#8211; Mahatma Ghandi, Jardim Calif\u00f3rnia&nbsp;<\/p>\n\n\n\n<p>4 &#8211; Jos\u00e9 Avelino, Tribob\u00f3&nbsp;<\/p>\n\n\n\n<p>5 &#8211; Haroldo Pereira Nunes, Porto Novo&nbsp;<\/p>\n\n\n\n<p>6 &#8211; Barbosa Lima Sobrinho, Porto da Pedra&nbsp;<\/p>\n\n\n\n<p>7 &#8211; Badger da Silveira, Tribob\u00f3&nbsp;&nbsp;<\/p>\n\n\n\n<p>8 &#8211; Madre Tereza de Calcut\u00e1, Estrela do Norte&nbsp;<\/p>\n\n\n\n<p>9 &#8211; Jos\u00e9 Jorge Cortes Freitas, Itaitindiba&nbsp;<\/p>\n\n\n\n<p>10 &#8211; An\u00edbal Porto, Monjolos&nbsp;<\/p>\n\n\n\n<p>11 &#8211; Geremias de Mattos Fontes, Jardim Bom Retiro&nbsp;<\/p>\n\n\n\n<p>12 &#8211; Luiza de Marillac, Novo M\u00e9xico&nbsp;<\/p>\n\n\n\n<p>13 &#8211; Irm\u00e3 Dulce, Trindade&nbsp;&nbsp;<\/p>\n\n\n\n<p>14 &#8211; Hiparco Ferreira, Engenho do Ro\u00e7ado&nbsp;<\/p>\n\n\n\n<p>15 &#8211; Fl\u00e1vio Henrique de Brito, J\u00f3quei&nbsp;<\/p>\n\n\n\n<p>16 &#8211; Get\u00falio Vargas, Boa Vista&nbsp;<\/p>\n\n\n\n<p>17 &#8211; Candoza&nbsp;<\/p>\n\n\n\n<p>18 &#8211; Floren\u00e7a Helena Pereira, Largo da Ideia&nbsp;&nbsp;<\/p>\n\n\n\n<p>19 &#8211; Anaia&nbsp;<\/p>\n\n\n\n<p>20 &#8211; Victor Chimelly, Paiva&nbsp;<\/p>\n\n\n\n<p>21 &#8211; Tancredo Neves, Luiz Ca\u00e7ador&nbsp;<\/p>\n\n\n\n<p>22 &#8211; Neuza Goulart, em Palmeiras&nbsp;<\/p>\n\n\n\n<p>23 &#8211; Jos\u00e9 Bruno Neto, Boa Vista&nbsp;<\/p>\n\n\n\n<p>24 &#8211; Altair da Silva, Mutu\u00e1&nbsp;<\/p>\n\n\n\n<p>25 &#8211; Juvenil Francisco Ribeiro, Engenho Pequeno&nbsp;<\/p>\n\n\n\n<p>26 &#8211; Luiz Carlos Prestes, Santa Catarina&nbsp;<\/p>\n\n\n\n<p>27 &#8211; Adolfo Lutz, Amendoeira<\/p>\n\n\n\n<p>28 &#8211; Armando Le\u00e3o Ferreira, Morro do Castro&nbsp;<\/p>\n\n\n\n<p>29 &#8211; Bento da Cruz, Porto Novo&nbsp;<\/p>\n\n\n\n<p>30 &#8211; Louis Pasteur, Guaxindiba&nbsp;<\/p>\n\n\n\n<p>31 &#8211; Agenor Jos\u00e9 da Silva, Jardim Catarina&nbsp;<\/p>\n\n\n\n<p>32 &#8211; Doutel de Andrade, Maria Paula&nbsp;<\/p>\n\n\n\n<p>33 &#8211; Marechal C\u00e2ndido Rondon, Coluband\u00ea&nbsp;<\/p>\n\n\n\n<p>34 &#8211; Gladys Rodrigues Ramos Freitas, Santa Isabel&nbsp;<\/p>\n\n\n\n<p>35 &#8211; Cl\u00ednica Gon\u00e7alense do Coluband\u00ea<\/p>\n\n\n\n<p>36 &#8211; Bocayuva Cunha, Gradim<\/p>\n\n\n\n<p>37 &#8211; Roberto Silveira, Vista Alegre<\/p>\n\n\n\n<p>38 &#8211; Albert Sabin, Salgueiro&nbsp;<\/p>\n\n\n\n<p>39 &#8211; Elza Borges, Santa Luzia<\/p>\n\n\n\n<p>40 &#8211; Polo Sanit\u00e1rio Jorge Teixeira de Lima, Jardim Catarina<\/p>\n\n\n\n<p>41 &#8211; Josias Muniz, Arrast\u00e3o&nbsp;<\/p>\n\n\n\n<p>42 &#8211; Maril\u00e9a Cardoso, J\u00f3quei<\/p>\n\n\n\n<p>43 &#8211; David Capistrano, Recanto das Ac\u00e1cias<\/p>\n\n\n\n<p><strong>Postos em obra de revitaliza\u00e7\u00e3o e constru\u00e7\u00e3o<\/strong><\/p>\n\n\n\n<p>1 &#8211; Bandeirantes<\/p>\n\n\n\n<p>2 &#8211; Ita\u00fana&nbsp;<\/p>\n\n\n\n<p>3 &#8211; Cl\u00ednica Lagoinha<\/p>\n\n\n\n<p>4 &#8211; Vista Alegre<\/p>\n\n\n\n<p>5 &#8211; \u00c1gua Mineral&nbsp;<\/p>\n\n\n\n<p>6 &#8211; Carlos Chagas, Fazenda dos Mineiros<\/p>\n\n\n\n<p>7 &#8211; Cl\u00ednica de Neves.<\/p>\n\n\n\n<p><em>Fotos: Renan Otto<\/em><\/p>\n","protected":false},"excerpt":{"rendered":"<p>J\u00e1 s\u00e3o 43 USFs totalmente remodeladas e ampliadas pela Prefeitura. Prefeito refor\u00e7a a import\u00e2ncia do acolhimento Mais dois bairros ganharam&hellip;<\/p>\n","protected":false},"author":5,"featured_media":8469,"comment_status":"open","ping_status":"open","sticky":false,"template":"","format":"standard","meta":{"fifu_image_url":"","fifu_image_alt":"","footnotes":""},"categories":[7],"tags":[],"class_list":["post-8467","post","type-post","status-publish","format-standard","has-post-thumbnail","hentry","category-saude"],"_links":{"self":[{"href":"https:\/\/sgvaimudar.com.br\/index.php\/wp-json\/wp\/v2\/posts\/8467","targetHints":{"allow":["GET"]}}],"collection":[{"href":"https:\/\/sgvaimudar.com.br\/index.php\/wp-json\/wp\/v2\/posts"}],"about":[{"href":"https:\/\/sgvaimudar.com.br\/index.php\/wp-json\/wp\/v2\/types\/post"}],"author":[{"embeddable":true,"href":"https:\/\/sgvaimudar.com.br\/index.php\/wp-json\/wp\/v2\/users\/5"}],"replies":[{"embeddable":true,"href":"https:\/\/sgvaimudar.com.br\/index.php\/wp-json\/wp\/v2\/comments?post=8467"}],"version-history":[{"count":1,"href":"https:\/\/sgvaimudar.com.br\/index.php\/wp-json\/wp\/v2\/posts\/8467\/revisions"}],"predecessor-version":[{"id":8470,"href":"https:\/\/sgvaimudar.com.br\/index.php\/wp-json\/wp\/v2\/posts\/8467\/revisions\/8470"}],"wp:featuredmedia":[{"embeddable":true,"href":"https:\/\/sgvaimudar.com.br\/index.php\/wp-json\/wp\/v2\/media\/8469"}],"wp:attachment":[{"href":"https:\/\/sgvaimudar.com.br\/index.php\/wp-json\/wp\/v2\/media?parent=8467"}],"wp:term":[{"taxonomy":"category","embeddable":true,"href":"https:\/\/sgvaimudar.com.br\/index.php\/wp-json\/wp\/v2\/categories?post=8467"},{"taxonomy":"post_tag","embeddable":true,"href":"https:\/\/sgvaimudar.com.br\/index.php\/wp-json\/wp\/v2\/tags?post=8467"}],"curies":[{"name":"wp","href":"https:\/\/api.w.org\/{rel}","templated":true}]}}