{"id":8457,"date":"2024-07-03T14:00:00","date_gmt":"2024-07-03T17:00:00","guid":{"rendered":"https:\/\/sgvaimudar.com.br\/?p=8457"},"modified":"2024-07-03T09:56:44","modified_gmt":"2024-07-03T12:56:44","slug":"governador-do-rio-defende-agilidade-em-votacao-da-renegociacao-da-divida-dos-estados","status":"publish","type":"post","link":"https:\/\/sgvaimudar.com.br\/index.php\/2024\/07\/03\/governador-do-rio-defende-agilidade-em-votacao-da-renegociacao-da-divida-dos-estados\/","title":{"rendered":"Governador do Rio defende agilidade em vota\u00e7\u00e3o da renegocia\u00e7\u00e3o da d\u00edvida dos estados"},"content":{"rendered":"\n<p><em>Ap\u00f3s reuni\u00e3o com o presidente do Senado, governador destacou avan\u00e7os com a proposta que ser\u00e1 protocolada no Congresso<\/em><\/p>\n\n\n\n<p>O governador Cl\u00e1udio Castro se reuniu, nesta ter\u00e7a-feira (02\/07), com o presidente do Senado Federal, Rodrigo Pacheco, em Bras\u00edlia, e outros governadores para tratar do modelo de renegocia\u00e7\u00e3o da d\u00edvida dos estados e defendeu a agilidade na an\u00e1lise da proposta que tramitar\u00e1 no Congresso. Um projeto vem sendo desenhado entre o Parlamento, governos estaduais e Uni\u00e3o para buscar um caminho que atenda aos entes, sobretudo os mais afetados.<\/p>\n\n\n\n<p>&#8220;Esse projeto \u00e9 um grande avan\u00e7o e a media\u00e7\u00e3o entre os governos estaduais e o Governo Federal \u00e9 fundamental para o sucesso da proposta. A gente conseguir avan\u00e7ar, sobretudo na diminui\u00e7\u00e3o do indexador e nas possibilidades de diminuir a d\u00edvida, \u00e9 uma forma de o Estado poder ter um al\u00edvio no valor da parcela. Ent\u00e3o, esperamos que isso possa ir para a pauta o mais r\u00e1pido poss\u00edvel para que tenhamos uma mudan\u00e7a que fa\u00e7a a d\u00edvida passar de impag\u00e1vel para possivelmente pag\u00e1vel&#8221;, declarou Cl\u00e1udio Castro.<\/p>\n\n\n\n<p>O estoque atual da d\u00edvida do Estado do Rio de Janeiro \u00e9 de R$ 194 bilh\u00f5es, sendo R$ 162 bilh\u00f5es relativos a d\u00e9bitos com a Uni\u00e3o e R$ 31 bilh\u00f5es de contratos garantidos por ela.<\/p>\n\n\n\n<p>Abatimento e juros<\/p>\n\n\n\n<p>No projeto apresentado por Pacheco, a Uni\u00e3o aceita ativos de estatais dos entes como forma de abatimento da d\u00edvida, al\u00e9m de im\u00f3veis e cr\u00e9ditos a receber. Sobre os juros, a ideia \u00e9 ficar apenas com o IPCA. Hoje, a cobran\u00e7a \u00e9 feita pelo IPCA mais 4%<\/p>\n\n\n\n<p>De acordo com o texto proposto, os 4% dos juros seriam distribu\u00eddos da seguinte forma: 1,5% de desconto no saldo restante ao Estado que ceder seus ativos; 1,5% ir\u00e1 para investimentos em educa\u00e7\u00e3o, infraestrutura ou seguran\u00e7a; e 1% vai compor o fundo do ente federativo que devem e que tamb\u00e9m n\u00e3o devem \u00e0 Uni\u00e3o para investimentos no pr\u00f3prio estado.<\/p>\n\n\n\n<p>Pacheco ir\u00e1 apresentar nesta ter\u00e7a-feira o texto ao Minist\u00e9rio da Fazenda para, depois, ser protocolado no Congresso.<\/p>\n\n\n\n<p>Participaram tamb\u00e9m da reuni\u00e3o Fel\u00edcio Ramuth, governador em exerc\u00edcio de S\u00e3o Paulo; Eduardo Leite, governador do Rio Grande do Sul; Ronaldo Caiado, governador de Goi\u00e1s; Romeu Zema, governador de Minas Gerais; e Mateus Sim\u00f5es, vice-governador de Minas Gerais.&nbsp;&nbsp;<\/p>\n\n\n\n<p><strong>Liminar no STF<\/strong><\/p>\n\n\n\n<p>Em 3 de maio, o Governo do Rio de Janeiro obteve liminar&nbsp;no Supremo Tribunal Federal (STF) que garante ao estado o pagamento, este ano, de parcelas iguais \u00e0s repassadas nos meses de 2023. A liminar tamb\u00e9m limitou o total da d\u00edvida a ser pago, por ano, ao valor pago no ano passado.<\/p>\n\n\n\n<p>Antes da decis\u00e3o, proferida pelo ministro Dias Toffoli, o Rio de Janeiro teria que desembolsar R$ 9,6 bilh\u00f5es \u00e0 Uni\u00e3o em 2024, relativos ao pagamento da d\u00edvida, sendo R$ 5,7 bilh\u00f5es s\u00f3 de juros e encargos. Considerando as parcelas quitadas de janeiro a maio deste ano, a quantia total foi de cerca de R$ 3,4 bilh\u00f5es.<\/p>\n","protected":false},"excerpt":{"rendered":"<p>Ap\u00f3s reuni\u00e3o com o presidente do Senado, governador destacou avan\u00e7os com a proposta que ser\u00e1 protocolada no Congresso O governador&hellip;<\/p>\n","protected":false},"author":5,"featured_media":8458,"comment_status":"open","ping_status":"open","sticky":false,"template":"","format":"standard","meta":{"fifu_image_url":"","fifu_image_alt":"","footnotes":""},"categories":[4],"tags":[],"class_list":["post-8457","post","type-post","status-publish","format-standard","has-post-thumbnail","hentry","category-brasil"],"_links":{"self":[{"href":"https:\/\/sgvaimudar.com.br\/index.php\/wp-json\/wp\/v2\/posts\/8457","targetHints":{"allow":["GET"]}}],"collection":[{"href":"https:\/\/sgvaimudar.com.br\/index.php\/wp-json\/wp\/v2\/posts"}],"about":[{"href":"https:\/\/sgvaimudar.com.br\/index.php\/wp-json\/wp\/v2\/types\/post"}],"author":[{"embeddable":true,"href":"https:\/\/sgvaimudar.com.br\/index.php\/wp-json\/wp\/v2\/users\/5"}],"replies":[{"embeddable":true,"href":"https:\/\/sgvaimudar.com.br\/index.php\/wp-json\/wp\/v2\/comments?post=8457"}],"version-history":[{"count":1,"href":"https:\/\/sgvaimudar.com.br\/index.php\/wp-json\/wp\/v2\/posts\/8457\/revisions"}],"predecessor-version":[{"id":8459,"href":"https:\/\/sgvaimudar.com.br\/index.php\/wp-json\/wp\/v2\/posts\/8457\/revisions\/8459"}],"wp:featuredmedia":[{"embeddable":true,"href":"https:\/\/sgvaimudar.com.br\/index.php\/wp-json\/wp\/v2\/media\/8458"}],"wp:attachment":[{"href":"https:\/\/sgvaimudar.com.br\/index.php\/wp-json\/wp\/v2\/media?parent=8457"}],"wp:term":[{"taxonomy":"category","embeddable":true,"href":"https:\/\/sgvaimudar.com.br\/index.php\/wp-json\/wp\/v2\/categories?post=8457"},{"taxonomy":"post_tag","embeddable":true,"href":"https:\/\/sgvaimudar.com.br\/index.php\/wp-json\/wp\/v2\/tags?post=8457"}],"curies":[{"name":"wp","href":"https:\/\/api.w.org\/{rel}","templated":true}]}}