{"id":8454,"date":"2024-07-03T12:00:00","date_gmt":"2024-07-03T15:00:00","guid":{"rendered":"https:\/\/sgvaimudar.com.br\/?p=8454"},"modified":"2024-07-03T09:50:57","modified_gmt":"2024-07-03T12:50:57","slug":"saude-goncalense-faz-campanha-julho-amarelo-na-proxima-sexta-feira","status":"publish","type":"post","link":"https:\/\/sgvaimudar.com.br\/index.php\/2024\/07\/03\/saude-goncalense-faz-campanha-julho-amarelo-na-proxima-sexta-feira\/","title":{"rendered":"Sa\u00fade gon\u00e7alense faz Campanha Julho Amarelo na pr\u00f3xima sexta-feira"},"content":{"rendered":"\n<p>Programa Ist\/ Aids<em> destaca dia de luta contra hepatites virais<\/em><\/p>\n\n\n\n<p>O Dia Mundial de Luta Contra as Hepatites Virais (28\/7), lembrado no m\u00eas de julho, ganhou a cor amarelo para refor\u00e7ar as a\u00e7\u00f5es de preven\u00e7\u00e3o, sensibiliza\u00e7\u00e3o e conscientiza\u00e7\u00e3o das doen\u00e7as com a Campanha Julho Amarelo.<\/p>\n\n\n\n<p>Por isso, a equipe do Programa Ist\/Aids e Hepatites Virais da Secretaria de Sa\u00fade e Defesa Civil da Prefeitura de S\u00e3o Gon\u00e7alo vai realizar na Pra\u00e7a do Z\u00e9 Garoto, no pr\u00f3ximo dia 5, a partir das 9h, a\u00e7\u00e3o com servi\u00e7os que incluem vacina\u00e7\u00e3o e testes r\u00e1pidos.<\/p>\n\n\n\n<p>Na pra\u00e7a, os moradores poder\u00e3o realizar os testes r\u00e1pidos para averiguar se t\u00eam s\u00edfilis, HIV, hepatite B e C; aferi\u00e7\u00e3o da press\u00e3o arterial e poder\u00e3o obter informa\u00e7\u00f5es sobre os programas municipais de sa\u00fade; sobre as infec\u00e7\u00f5es sexualmente transmiss\u00edveis (ISTs), principalmente as hepatites virais e seus meios de preven\u00e7\u00e3o, diagn\u00f3stico e tratamento precoce, al\u00e9m da distribui\u00e7\u00e3o de preservativos. A vacina contra hepatite B estar\u00e1 dispon\u00edvel, assim como a da gripe.\u00a0<\/p>\n\n\n\n<p>Segundo a Sa\u00fade, um dos objetivos do Julho Amarelo \u00e9 estimular a realiza\u00e7\u00e3o do teste r\u00e1pido, que detecta a doen\u00e7a. Os testes r\u00e1pidos s\u00e3o gratuitos, est\u00e3o dispon\u00edveis em todas as unidades b\u00e1sicas de sa\u00fade de S\u00e3o Gon\u00e7alo e podem ser realizados, de segunda a sexta, das 8h \u00e0s 16h. O resultado sai em 20 minutos. Caso a doen\u00e7a seja confirmada, os gon\u00e7alenses s\u00e3o encaminhados para outros exames espec\u00edficos e para o tratamento.\u00a0<\/p>\n\n\n\n<p>&#8220;As hepatites a e b t\u00eam preven\u00e7\u00e3o atrav\u00e9s da vacina. A primeira, ainda quando crian\u00e7a. A segunda, em tr\u00eas doses, para os adultos. Elas est\u00e3o dispon\u00edveis em todas as unidades de sa\u00fade que t\u00eam sala de vacina\u00e7\u00e3o&#8221;, disse a pasta no texto. <\/p>\n\n\n\n<p>A hepatite c tem tratamento e tem cura. Al\u00e9m do evento do dia 5, os profissionais dos postos de sa\u00fade intensificar\u00e3o as orienta\u00e7\u00f5es sobre as doen\u00e7as aos usu\u00e1rios nas salas de espera durante todo o m\u00eas, lembrando que a principal fonte de contamina\u00e7\u00e3o das hepatites virais b e c \u00e9 atrav\u00e9s do sexo desprotegido e compartilhamento de objetos perfurocortantes.\u00a0<\/p>\n\n\n\n<p>Al\u00e9m da vacina\u00e7\u00e3o, medidas simples como o uso de preservativos, materiais descart\u00e1veis e esterilizados s\u00e3o recomend\u00e1veis, assim como o n\u00e3o compartilhamento de agulhas e seringas. Caso j\u00e1 estejam contaminados, os gon\u00e7alenses t\u00eam o tratamento com hepatologista garantido na cidade, assim como a medica\u00e7\u00e3o. O tratamento \u00e9 realizado na Policl\u00ednica Gon\u00e7alense de Refer\u00eancia para Doen\u00e7as Cr\u00f4nicas e Transmiss\u00edveis, na Parada 40, e na Cl\u00ednica Municipal Gon\u00e7alense do Barro Vermelho.\u00a0<\/p>\n\n\n\n<p><strong>Hepatites<\/strong><\/p>\n\n\n\n<p>As hepatites virais s\u00e3o inflama\u00e7\u00f5es do f\u00edgado causadas por diferentes v\u00edrus, classificados pelas letras A, B, C, D e E, bem como pelo uso de alguns medicamentos, \u00e1lcool e outras subst\u00e2ncias. Essas infec\u00e7\u00f5es representam um problema de sa\u00fade p\u00fablica, muitas vezes evoluindo de forma silenciosa.<\/p>\n\n\n\n<p>Quando os sintomas est\u00e3o presentes, eles podem incluir cansa\u00e7o, enjoo, dor abdominal, pele e olhos amarelados, urina escura e fezes claras, entre outros.<\/p>\n","protected":false},"excerpt":{"rendered":"<p>Foto: J\u00falio Diniz<\/p>\n","protected":false},"author":5,"featured_media":8455,"comment_status":"open","ping_status":"open","sticky":false,"template":"","format":"standard","meta":{"fifu_image_url":"","fifu_image_alt":"","footnotes":""},"categories":[7],"tags":[],"class_list":["post-8454","post","type-post","status-publish","format-standard","has-post-thumbnail","hentry","category-saude"],"_links":{"self":[{"href":"https:\/\/sgvaimudar.com.br\/index.php\/wp-json\/wp\/v2\/posts\/8454","targetHints":{"allow":["GET"]}}],"collection":[{"href":"https:\/\/sgvaimudar.com.br\/index.php\/wp-json\/wp\/v2\/posts"}],"about":[{"href":"https:\/\/sgvaimudar.com.br\/index.php\/wp-json\/wp\/v2\/types\/post"}],"author":[{"embeddable":true,"href":"https:\/\/sgvaimudar.com.br\/index.php\/wp-json\/wp\/v2\/users\/5"}],"replies":[{"embeddable":true,"href":"https:\/\/sgvaimudar.com.br\/index.php\/wp-json\/wp\/v2\/comments?post=8454"}],"version-history":[{"count":1,"href":"https:\/\/sgvaimudar.com.br\/index.php\/wp-json\/wp\/v2\/posts\/8454\/revisions"}],"predecessor-version":[{"id":8456,"href":"https:\/\/sgvaimudar.com.br\/index.php\/wp-json\/wp\/v2\/posts\/8454\/revisions\/8456"}],"wp:featuredmedia":[{"embeddable":true,"href":"https:\/\/sgvaimudar.com.br\/index.php\/wp-json\/wp\/v2\/media\/8455"}],"wp:attachment":[{"href":"https:\/\/sgvaimudar.com.br\/index.php\/wp-json\/wp\/v2\/media?parent=8454"}],"wp:term":[{"taxonomy":"category","embeddable":true,"href":"https:\/\/sgvaimudar.com.br\/index.php\/wp-json\/wp\/v2\/categories?post=8454"},{"taxonomy":"post_tag","embeddable":true,"href":"https:\/\/sgvaimudar.com.br\/index.php\/wp-json\/wp\/v2\/tags?post=8454"}],"curies":[{"name":"wp","href":"https:\/\/api.w.org\/{rel}","templated":true}]}}