{"id":8439,"date":"2024-07-03T09:01:14","date_gmt":"2024-07-03T12:01:14","guid":{"rendered":"https:\/\/sgvaimudar.com.br\/?p=8439"},"modified":"2024-07-03T09:05:17","modified_gmt":"2024-07-03T12:05:17","slug":"suspeitos-de-trafico-sao-presos-na-comunidade-do-sousa-soares-em-niteroi","status":"publish","type":"post","link":"https:\/\/sgvaimudar.com.br\/index.php\/2024\/07\/03\/suspeitos-de-trafico-sao-presos-na-comunidade-do-sousa-soares-em-niteroi\/","title":{"rendered":"Suspeitos de tr\u00e1fico s\u00e3o presos na Comunidade do Sousa Soares, em Niter\u00f3i"},"content":{"rendered":"\n<p><em>Ainda no Morro do S\u00e3b\u00e3o, os policiais prenderam tr\u00eas adolescentes em flagrante pelo crime de tr\u00e1fico de drogas<\/em><\/p>\n\n\n\n<p>Os policiais do 12\u00baBPM (Niter\u00f3i-Maric\u00e1), da 79\u00baDP, e do Grupo de A\u00e7\u00f5es T\u00e1ticas (GAT), prenderam, na noite de ontem (ter\u00e7a, 2\/7), dois homens em flagrante por suspeita de envolvimento com o tr\u00e1fico de drogas na Comunidade do Sousa Soares, em Santa Rosa, Zona Sul de Niter\u00f3i.<\/p>\n\n\n\n<figure class=\"wp-block-image size-full\"><img fetchpriority=\"high\" decoding=\"async\" width=\"710\" height=\"462\" src=\"https:\/\/sgvaimudar.com.br\/wp-content\/uploads\/2024\/07\/WhatsApp-Image-2024-07-03-at-08.20.18-3.jpeg\" alt=\"\" class=\"wp-image-8440\" srcset=\"https:\/\/sgvaimudar.com.br\/wp-content\/uploads\/2024\/07\/WhatsApp-Image-2024-07-03-at-08.20.18-3.jpeg 710w, https:\/\/sgvaimudar.com.br\/wp-content\/uploads\/2024\/07\/WhatsApp-Image-2024-07-03-at-08.20.18-3-300x195.jpeg 300w\" sizes=\"(max-width: 710px) 100vw, 710px\" \/><\/figure>\n\n\n\n<p>Segundo a ocorr\u00eancia, a opera\u00e7\u00e3o foi desencadeada ap\u00f3s a se\u00e7\u00e3o de intelig\u00eancia da 79\u00aa DP receber informa\u00e7\u00f5es sobre movimenta\u00e7\u00f5es suspeitas na Travessa Silvio Pinto Magaldi. <\/p>\n\n\n\n<p>Na ocasi\u00e3o, de acordo com os fatos, um dos indiv\u00edduos foi flagrado na posse de um rev\u00f3lver calibre 38 com a numera\u00e7\u00e3o rapada e municiado com tr\u00eas balas e o outro elemento estava de posse de um radiotransmissor ligado na frequ\u00eancia utilizada pelos traficantes, ao lado de ambos foi encontrada uma mochila contendo material entorpecente, um aparelho celular e R$ 6,00 em esp\u00e9cie. Diante dos fatos os acusados foram conduzidos \u00e0 79\u00aa DP.<\/p>\n\n\n\n<p>Ainda na Zona Norte de Niter\u00f3i, na Comunidade do Morro do Sab\u00e3o, no bairro S\u00e3o Louren\u00e7o, nesta ter\u00e7a-feira (2\/7), os policiais do 12\u00baBPM (Niter\u00f3i-Maric\u00e1), prenderam tr\u00eas adolescentes em flagrante pelo crime de tr\u00e1fico de drogas.  No local, os agentes apreenderam drogas e r\u00e1dios transmissores.<\/p>\n\n\n\n<figure class=\"wp-block-embed is-type-rich is-provider-twitter wp-block-embed-twitter\"><div class=\"wp-block-embed__wrapper\">\n<blockquote class=\"twitter-tweet\" data-width=\"550\" data-dnt=\"true\"><p lang=\"pt\" dir=\"ltr\">Apreens\u00e3o de drogas e r\u00e1dios transmissores realizada por nossos policiais do <a href=\"https:\/\/twitter.com\/hashtag\/12BPM?src=hash&amp;ref_src=twsrc%5Etfw\">#12BPM<\/a>, nesta ter\u00e7a-feira, durante a\u00e7\u00e3o na localidade conhecida como Sab\u00e3o, no bairro S\u00e3o Louren\u00e7o, <a href=\"https:\/\/twitter.com\/hashtag\/Niter%C3%B3i?src=hash&amp;ref_src=twsrc%5Etfw\">#Niter\u00f3i<\/a>. Tr\u00eas adolescentes foram apreendidos em flagrante. <a href=\"https:\/\/t.co\/vC5Rg2msNc\">pic.twitter.com\/vC5Rg2msNc<\/a><\/p>&mdash; @pmerj (@PMERJ) <a href=\"https:\/\/twitter.com\/PMERJ\/status\/1808248591380799899?ref_src=twsrc%5Etfw\">July 2, 2024<\/a><\/blockquote><script async src=\"https:\/\/platform.twitter.com\/widgets.js\" charset=\"utf-8\"><\/script>\n<\/div><\/figure>\n\n\n\n<p><strong><em><sup>S\u00e3o Gon\u00e7alo Vai Mudar. O Maior Portal da Cidade.<\/sup><\/em><\/strong><\/p>\n","protected":false},"excerpt":{"rendered":"<p>Ainda no Morro do S\u00e3b\u00e3o, os policiais prenderam tr\u00eas adolescentes em flagrante pelo crime de tr\u00e1fico de drogas Os policiais&hellip;<\/p>\n","protected":false},"author":5,"featured_media":8441,"comment_status":"open","ping_status":"open","sticky":false,"template":"","format":"standard","meta":{"fifu_image_url":"","fifu_image_alt":"","footnotes":""},"categories":[32],"tags":[],"class_list":["post-8439","post","type-post","status-publish","format-standard","has-post-thumbnail","hentry","category-casos-de-policia"],"_links":{"self":[{"href":"https:\/\/sgvaimudar.com.br\/index.php\/wp-json\/wp\/v2\/posts\/8439","targetHints":{"allow":["GET"]}}],"collection":[{"href":"https:\/\/sgvaimudar.com.br\/index.php\/wp-json\/wp\/v2\/posts"}],"about":[{"href":"https:\/\/sgvaimudar.com.br\/index.php\/wp-json\/wp\/v2\/types\/post"}],"author":[{"embeddable":true,"href":"https:\/\/sgvaimudar.com.br\/index.php\/wp-json\/wp\/v2\/users\/5"}],"replies":[{"embeddable":true,"href":"https:\/\/sgvaimudar.com.br\/index.php\/wp-json\/wp\/v2\/comments?post=8439"}],"version-history":[{"count":2,"href":"https:\/\/sgvaimudar.com.br\/index.php\/wp-json\/wp\/v2\/posts\/8439\/revisions"}],"predecessor-version":[{"id":8444,"href":"https:\/\/sgvaimudar.com.br\/index.php\/wp-json\/wp\/v2\/posts\/8439\/revisions\/8444"}],"wp:featuredmedia":[{"embeddable":true,"href":"https:\/\/sgvaimudar.com.br\/index.php\/wp-json\/wp\/v2\/media\/8441"}],"wp:attachment":[{"href":"https:\/\/sgvaimudar.com.br\/index.php\/wp-json\/wp\/v2\/media?parent=8439"}],"wp:term":[{"taxonomy":"category","embeddable":true,"href":"https:\/\/sgvaimudar.com.br\/index.php\/wp-json\/wp\/v2\/categories?post=8439"},{"taxonomy":"post_tag","embeddable":true,"href":"https:\/\/sgvaimudar.com.br\/index.php\/wp-json\/wp\/v2\/tags?post=8439"}],"curies":[{"name":"wp","href":"https:\/\/api.w.org\/{rel}","templated":true}]}}