{"id":8436,"date":"2024-07-03T08:31:29","date_gmt":"2024-07-03T11:31:29","guid":{"rendered":"https:\/\/sgvaimudar.com.br\/?p=8436"},"modified":"2024-07-03T08:31:29","modified_gmt":"2024-07-03T11:31:29","slug":"policia-civil-prende-segundo-envolvido-na-morte-de-homem-esfaqueado-no-centro-de-niteroi","status":"publish","type":"post","link":"https:\/\/sgvaimudar.com.br\/index.php\/2024\/07\/03\/policia-civil-prende-segundo-envolvido-na-morte-de-homem-esfaqueado-no-centro-de-niteroi\/","title":{"rendered":"Pol\u00edcia Civil prende segundo envolvido na morte de homem esfaqueado no Centro de Niter\u00f3i"},"content":{"rendered":"\n<p>Os policiais civis da Delegacia de Homic\u00eddios de Niter\u00f3i, S\u00e3o Gon\u00e7alo e Itabora\u00ed (DHNSG) prenderam, nesta ter\u00e7a-feira (02\/07), um homem acusado de homic\u00eddio qualificado. A pris\u00e3o aconteceu no Centro da cidade\u00a0de\u00a0Niter\u00f3i, ap\u00f3s trabalho de intelig\u00eancia.<\/p>\n\n\n\n<p>Segundo as investiga\u00e7\u00f5es, o acusado, junto com um outro criminoso que j\u00e1 foi preso pela equipe da delegacia, matou a v\u00edtima com golpes de facas no Centro de Niter\u00f3i, em abril. Todo o ocorrido foi flagrado por diversas c\u00e2meras.<\/p>\n\n\n\n<p>Contra o preso, foi cumprido mandado de pris\u00e3o preventiva. Ele j\u00e1 possu\u00eda anota\u00e7\u00f5es por roubo, furto e recepta\u00e7\u00e3o.<\/p>\n","protected":false},"excerpt":{"rendered":"<p>Os policiais civis da Delegacia de Homic\u00eddios de Niter\u00f3i, S\u00e3o Gon\u00e7alo e Itabora\u00ed (DHNSG) prenderam, nesta ter\u00e7a-feira (02\/07), um homem&hellip;<\/p>\n","protected":false},"author":5,"featured_media":8437,"comment_status":"open","ping_status":"open","sticky":false,"template":"","format":"standard","meta":{"fifu_image_url":"","fifu_image_alt":"","footnotes":""},"categories":[32],"tags":[],"class_list":["post-8436","post","type-post","status-publish","format-standard","has-post-thumbnail","hentry","category-casos-de-policia"],"_links":{"self":[{"href":"https:\/\/sgvaimudar.com.br\/index.php\/wp-json\/wp\/v2\/posts\/8436","targetHints":{"allow":["GET"]}}],"collection":[{"href":"https:\/\/sgvaimudar.com.br\/index.php\/wp-json\/wp\/v2\/posts"}],"about":[{"href":"https:\/\/sgvaimudar.com.br\/index.php\/wp-json\/wp\/v2\/types\/post"}],"author":[{"embeddable":true,"href":"https:\/\/sgvaimudar.com.br\/index.php\/wp-json\/wp\/v2\/users\/5"}],"replies":[{"embeddable":true,"href":"https:\/\/sgvaimudar.com.br\/index.php\/wp-json\/wp\/v2\/comments?post=8436"}],"version-history":[{"count":1,"href":"https:\/\/sgvaimudar.com.br\/index.php\/wp-json\/wp\/v2\/posts\/8436\/revisions"}],"predecessor-version":[{"id":8438,"href":"https:\/\/sgvaimudar.com.br\/index.php\/wp-json\/wp\/v2\/posts\/8436\/revisions\/8438"}],"wp:featuredmedia":[{"embeddable":true,"href":"https:\/\/sgvaimudar.com.br\/index.php\/wp-json\/wp\/v2\/media\/8437"}],"wp:attachment":[{"href":"https:\/\/sgvaimudar.com.br\/index.php\/wp-json\/wp\/v2\/media?parent=8436"}],"wp:term":[{"taxonomy":"category","embeddable":true,"href":"https:\/\/sgvaimudar.com.br\/index.php\/wp-json\/wp\/v2\/categories?post=8436"},{"taxonomy":"post_tag","embeddable":true,"href":"https:\/\/sgvaimudar.com.br\/index.php\/wp-json\/wp\/v2\/tags?post=8436"}],"curies":[{"name":"wp","href":"https:\/\/api.w.org\/{rel}","templated":true}]}}