{"id":8428,"date":"2024-07-02T20:00:00","date_gmt":"2024-07-02T23:00:00","guid":{"rendered":"https:\/\/sgvaimudar.com.br\/?p=8428"},"modified":"2024-07-02T10:19:48","modified_gmt":"2024-07-02T13:19:48","slug":"conferencia-das-cidades-goncalense-aposta-na-sustentabilidade","status":"publish","type":"post","link":"https:\/\/sgvaimudar.com.br\/index.php\/2024\/07\/02\/conferencia-das-cidades-goncalense-aposta-na-sustentabilidade\/","title":{"rendered":"Confer\u00eancia das Cidades gon\u00e7alense aposta na sustentabilidade"},"content":{"rendered":"\n<p><em>Evento acontece at\u00e9 esta quarta-feira (3\/7) no Sest\/Senat, em Tribob\u00f3<\/em><\/p>\n\n\n\n<p>A Secretaria de Habita\u00e7\u00e3o da Prefeitura de S\u00e3o Gon\u00e7alo, tendo como um dos seus eixos a sustentabilidade, adotou uma s\u00e9rie de a\u00e7\u00f5es voltadas ao tema na organiza\u00e7\u00e3o da 6\u00aa Confer\u00eancia Municipal das Cidades, que come\u00e7ou nesta ter\u00e7a-feira (2) e segue at\u00e9 quarta (3), no Sest\/Senat, do bairro Tribob\u00f3.<\/p>\n\n\n\n<p>Todo o press kit que ser\u00e1 distribu\u00eddo aos participantes da reuni\u00e3o ser\u00e1 voltado para a sustentabilidade, como os materiais impressos em papel reciclado, canetas ecol\u00f3gicas, copos ecol\u00f3gicos para evitar o uso de descart\u00e1veis e uma ecobag, produzida por artes\u00e3s do projeto Lidera Mulher, uma iniciativa da Subsecretaria de Pol\u00edticas P\u00fablicas para as Mulheres de S\u00e3o Gon\u00e7alo.<\/p>\n\n\n\n<p>Tamb\u00e9m haver\u00e1 uma exposi\u00e7\u00e3o do Lidera Mulher com a participa\u00e7\u00e3o de mulheres empreendedoras formadas durante a capacita\u00e7\u00e3o do projeto.<\/p>\n\n\n\n<p>Al\u00e9m da sustentabilidade ambiental e emerg\u00eancias clim\u00e1ticas, tamb\u00e9m s\u00e3o eixos da Confer\u00eancia os temas mobilidade urbana e saneamento b\u00e1sico; habita\u00e7\u00e3o de interesse social e regulariza\u00e7\u00e3o fundi\u00e1ria; e controle social e gest\u00e3o democr\u00e1tica das cidades.<\/p>\n\n\n\n<p>Nesta edi\u00e7\u00e3o, o tema central da Confer\u00eancia \u00e9 \u201cConstruindo a Pol\u00edtica Nacional de Desenvolvimento Urbano: Caminhos para cidades inclusivas, democr\u00e1ticas, sustent\u00e1veis e com justi\u00e7a social\u201d. A reuni\u00e3o \u00e9 uma etapa preparat\u00f3ria para a 6\u00aa Confer\u00eancia Estadual da Cidade do Rio de Janeiro e para a 6\u00aa Confer\u00eancia Nacional das Cidades. <\/p>\n\n\n\n<p>O objetivo da confer\u00eancia \u00e9 fortalecer a participa\u00e7\u00e3o social na formula\u00e7\u00e3o de pol\u00edticas p\u00fablicas efetivas, destinadas ao desenvolvimento urbano, \u00e0 habita\u00e7\u00e3o, aos territ\u00f3rios perif\u00e9ricos, \u00e0 mobilidade urbana e ao saneamento b\u00e1sico, voltada \u00e0 elabora\u00e7\u00e3o de propostas locais que ser\u00e3o aprimoradas sob a perspectiva de v\u00e1rias escalas, de comunit\u00e1ria \u00e0 nacional.<\/p>\n","protected":false},"excerpt":{"rendered":"<p>Evento acontece at\u00e9 esta quarta-feira (3\/7) no Sest\/Senat, em Tribob\u00f3 A Secretaria de Habita\u00e7\u00e3o da Prefeitura de S\u00e3o Gon\u00e7alo, tendo&hellip;<\/p>\n","protected":false},"author":5,"featured_media":8429,"comment_status":"open","ping_status":"open","sticky":false,"template":"","format":"standard","meta":{"fifu_image_url":"","fifu_image_alt":"","footnotes":""},"categories":[3],"tags":[],"class_list":["post-8428","post","type-post","status-publish","format-standard","has-post-thumbnail","hentry","category-sao-goncalo"],"_links":{"self":[{"href":"https:\/\/sgvaimudar.com.br\/index.php\/wp-json\/wp\/v2\/posts\/8428","targetHints":{"allow":["GET"]}}],"collection":[{"href":"https:\/\/sgvaimudar.com.br\/index.php\/wp-json\/wp\/v2\/posts"}],"about":[{"href":"https:\/\/sgvaimudar.com.br\/index.php\/wp-json\/wp\/v2\/types\/post"}],"author":[{"embeddable":true,"href":"https:\/\/sgvaimudar.com.br\/index.php\/wp-json\/wp\/v2\/users\/5"}],"replies":[{"embeddable":true,"href":"https:\/\/sgvaimudar.com.br\/index.php\/wp-json\/wp\/v2\/comments?post=8428"}],"version-history":[{"count":1,"href":"https:\/\/sgvaimudar.com.br\/index.php\/wp-json\/wp\/v2\/posts\/8428\/revisions"}],"predecessor-version":[{"id":8430,"href":"https:\/\/sgvaimudar.com.br\/index.php\/wp-json\/wp\/v2\/posts\/8428\/revisions\/8430"}],"wp:featuredmedia":[{"embeddable":true,"href":"https:\/\/sgvaimudar.com.br\/index.php\/wp-json\/wp\/v2\/media\/8429"}],"wp:attachment":[{"href":"https:\/\/sgvaimudar.com.br\/index.php\/wp-json\/wp\/v2\/media?parent=8428"}],"wp:term":[{"taxonomy":"category","embeddable":true,"href":"https:\/\/sgvaimudar.com.br\/index.php\/wp-json\/wp\/v2\/categories?post=8428"},{"taxonomy":"post_tag","embeddable":true,"href":"https:\/\/sgvaimudar.com.br\/index.php\/wp-json\/wp\/v2\/tags?post=8428"}],"curies":[{"name":"wp","href":"https:\/\/api.w.org\/{rel}","templated":true}]}}