{"id":8376,"date":"2024-07-01T18:00:00","date_gmt":"2024-07-01T21:00:00","guid":{"rendered":"https:\/\/sgvaimudar.com.br\/?p=8376"},"modified":"2024-07-01T08:46:35","modified_gmt":"2024-07-01T11:46:35","slug":"sao-goncalo-marca-presenca-em-forum-sobre-politicas-publicas-para-mulheres","status":"publish","type":"post","link":"https:\/\/sgvaimudar.com.br\/index.php\/2024\/07\/01\/sao-goncalo-marca-presenca-em-forum-sobre-politicas-publicas-para-mulheres\/","title":{"rendered":"S\u00e3o Gon\u00e7alo marca presen\u00e7a em f\u00f3rum sobre pol\u00edticas p\u00fablicas para mulheres"},"content":{"rendered":"\n<p><em>Evento reuniu gestoras de todo o Pa\u00eds em Bras\u00edlia<\/em><\/p>\n\n\n\n<p>O munic\u00edpio de S\u00e3o Gon\u00e7alo, representado pela Subsecretaria de Pol\u00edticas P\u00fablicas para as Mulheres, participou do II F\u00f3rum Nacional de Gestoras de Pol\u00edticas para as Mulheres, que aconteceu no Museu da Rep\u00fablica, em Bras\u00edlia, na \u00faltima ter\u00e7a (11) e quarta-feira (12).<\/p>\n\n\n\n<figure class=\"wp-block-image size-large\"><img fetchpriority=\"high\" decoding=\"async\" width=\"1024\" height=\"768\" src=\"https:\/\/sgvaimudar.com.br\/wp-content\/uploads\/2024\/07\/unnamed-3-1024x768.jpg\" alt=\"\" class=\"wp-image-8377\" srcset=\"https:\/\/sgvaimudar.com.br\/wp-content\/uploads\/2024\/07\/unnamed-3-1024x768.jpg 1024w, https:\/\/sgvaimudar.com.br\/wp-content\/uploads\/2024\/07\/unnamed-3-300x225.jpg 300w, https:\/\/sgvaimudar.com.br\/wp-content\/uploads\/2024\/07\/unnamed-3-768x576.jpg 768w, https:\/\/sgvaimudar.com.br\/wp-content\/uploads\/2024\/07\/unnamed-3-1536x1152.jpg 1536w, https:\/\/sgvaimudar.com.br\/wp-content\/uploads\/2024\/07\/unnamed-3.jpg 1600w\" sizes=\"(max-width: 1024px) 100vw, 1024px\" \/><\/figure>\n\n\n\n<p>O evento, promovido pela Secretaria Nacional de Articula\u00e7\u00e3o Institucional, A\u00e7\u00f5es Tem\u00e1ticas e Participa\u00e7\u00e3o Pol\u00edtica do Minist\u00e9rio das Mulheres, teve como p\u00fablico-alvo gestoras de pol\u00edticas p\u00fablicas para as mulheres no \u00e2mbito de governos estaduais, municipais e distrital.<\/p>\n\n\n\n<p>Durante o f\u00f3rum foram discutidos temas relacionados \u00e0 gest\u00e3o das pol\u00edticas, interc\u00e2mbio de experi\u00eancias, participa\u00e7\u00e3o das mulheres nos espa\u00e7os de poder e decis\u00e3o, or\u00e7amento e as estrat\u00e9gias de integra\u00e7\u00e3o e articula\u00e7\u00e3o das pol\u00edticas para mulheres.&nbsp;<\/p>\n\n\n\n<p>No primeiro dia do f\u00f3rum, a discuss\u00e3o foi voltada para a tem\u00e1tica \u201cAmpliando a participa\u00e7\u00e3o das mulheres nos espa\u00e7os de poder e decis\u00e3o\u201d, com a presen\u00e7a da ministra Cida Gon\u00e7alves e da secret\u00e1ria nacional de Articula\u00e7\u00e3o Institucional, A\u00e7\u00f5es Tem\u00e1ticas e Participa\u00e7\u00e3o Pol\u00edtica, Carmen Foro.&nbsp;&nbsp;<\/p>\n\n\n\n<p>Na ocasi\u00e3o, o evento teve o tema abordado: \u201cO impacto do or\u00e7amento nas pol\u00edticas p\u00fablicas para as mulheres\u201d, al\u00e9m da\u00a0apresenta\u00e7\u00e3o de experi\u00eancias sobre boas pr\u00e1ticas de pol\u00edticas para as mulheres nos estados.\u00a0<\/p>\n\n\n\n<p>Sobre os temas discutidos no encontro, foram lan\u00e7ados dois cursos virtuais \u201cGest\u00e3o e Implementa\u00e7\u00e3o de OPM\u201d e \u201cO Protagonismo das Mulheres: passos para a atua\u00e7\u00e3o das mulheres nos espa\u00e7os de poder e decis\u00e3o\u201d.<\/p>\n\n\n\n<p>\u201cO encontro foi importante porque tivemos a oportunidade de aprendizado, de di\u00e1logos e trocas de experi\u00eancias, al\u00e9m de poder conversar pessoalmente com a ministra da Mulher, Cida Gon\u00e7alves, sobre o trabalho da Subsecretaria de Pol\u00edticas P\u00fablicas para as Mulheres, desenvolvido no munic\u00edpio de S\u00e3o Gon\u00e7alo. Apesar da dificuldade da atua\u00e7\u00e3o da mulher em fazer valer seus direitos nos espa\u00e7os de poder no pa\u00eds, podemos ver que em S\u00e3o Gon\u00e7alo a pol\u00edtica p\u00fablica da mulher tem avan\u00e7ado bastante, gra\u00e7as ao apoio do Executivo municipal na efetiva\u00e7\u00e3o dessa pol\u00edtica publica\u201d, disse a subsecret\u00e1ria de S\u00e3o Gon\u00e7alo, Ana Cristina da Silva.<\/p>\n","protected":false},"excerpt":{"rendered":"<p>Evento reuniu gestoras de todo o Pa\u00eds em Bras\u00edlia O munic\u00edpio de S\u00e3o Gon\u00e7alo, representado pela Subsecretaria de Pol\u00edticas P\u00fablicas&hellip;<\/p>\n","protected":false},"author":5,"featured_media":8378,"comment_status":"open","ping_status":"open","sticky":false,"template":"","format":"standard","meta":{"fifu_image_url":"","fifu_image_alt":"","footnotes":""},"categories":[3],"tags":[],"class_list":["post-8376","post","type-post","status-publish","format-standard","has-post-thumbnail","hentry","category-sao-goncalo"],"_links":{"self":[{"href":"https:\/\/sgvaimudar.com.br\/index.php\/wp-json\/wp\/v2\/posts\/8376","targetHints":{"allow":["GET"]}}],"collection":[{"href":"https:\/\/sgvaimudar.com.br\/index.php\/wp-json\/wp\/v2\/posts"}],"about":[{"href":"https:\/\/sgvaimudar.com.br\/index.php\/wp-json\/wp\/v2\/types\/post"}],"author":[{"embeddable":true,"href":"https:\/\/sgvaimudar.com.br\/index.php\/wp-json\/wp\/v2\/users\/5"}],"replies":[{"embeddable":true,"href":"https:\/\/sgvaimudar.com.br\/index.php\/wp-json\/wp\/v2\/comments?post=8376"}],"version-history":[{"count":2,"href":"https:\/\/sgvaimudar.com.br\/index.php\/wp-json\/wp\/v2\/posts\/8376\/revisions"}],"predecessor-version":[{"id":8381,"href":"https:\/\/sgvaimudar.com.br\/index.php\/wp-json\/wp\/v2\/posts\/8376\/revisions\/8381"}],"wp:featuredmedia":[{"embeddable":true,"href":"https:\/\/sgvaimudar.com.br\/index.php\/wp-json\/wp\/v2\/media\/8378"}],"wp:attachment":[{"href":"https:\/\/sgvaimudar.com.br\/index.php\/wp-json\/wp\/v2\/media?parent=8376"}],"wp:term":[{"taxonomy":"category","embeddable":true,"href":"https:\/\/sgvaimudar.com.br\/index.php\/wp-json\/wp\/v2\/categories?post=8376"},{"taxonomy":"post_tag","embeddable":true,"href":"https:\/\/sgvaimudar.com.br\/index.php\/wp-json\/wp\/v2\/tags?post=8376"}],"curies":[{"name":"wp","href":"https:\/\/api.w.org\/{rel}","templated":true}]}}