{"id":8369,"date":"2024-07-01T14:00:00","date_gmt":"2024-07-01T17:00:00","guid":{"rendered":"https:\/\/sgvaimudar.com.br\/?p=8369"},"modified":"2024-07-01T08:27:15","modified_gmt":"2024-07-01T11:27:15","slug":"prefeito-capitao-nelson-entrega-a-46a-unidade-de-saude-revitalizada","status":"publish","type":"post","link":"https:\/\/sgvaimudar.com.br\/index.php\/2024\/07\/01\/prefeito-capitao-nelson-entrega-a-46a-unidade-de-saude-revitalizada\/","title":{"rendered":"Prefeito Capit\u00e3o Nelson entrega a 46\u00aa unidade de sa\u00fade revitalizada"},"content":{"rendered":"\n<p><em>USF Ita\u00fana \u00e9 reconstru\u00edda e ampliada, ganhando 16 salas de atendimento<\/em><\/p>\n\n\n\n<p>A nova Unidade de Sa\u00fade da Fam\u00edlia (USF) Ita\u00fana foi inaugurada, nesta sexta-feira (28), pelo prefeito Capit\u00e3o Nelson. Localizada na esquina da Rua Jos\u00e9 Francisco Corr\u00eaa com a Travessa Ernestina Pires, a USF vai atender os moradores da regi\u00e3o com mais dignidade e humaniza\u00e7\u00e3o nos servi\u00e7os. O posto \u00e9 a 46\u00aa unidade da rede b\u00e1sica entregue revitalizada pela atual gest\u00e3o e tem mais de 16 salas de atendimento \u2013 todas dentro das normas e adequa\u00e7\u00f5es do Minist\u00e9rio da Sa\u00fade.\u00a0<\/p>\n\n\n\n<figure class=\"wp-block-image size-large\"><img fetchpriority=\"high\" decoding=\"async\" width=\"1024\" height=\"684\" src=\"https:\/\/sgvaimudar.com.br\/wp-content\/uploads\/2024\/07\/unnamed-17-1024x684.jpg\" alt=\"\" class=\"wp-image-8370\" srcset=\"https:\/\/sgvaimudar.com.br\/wp-content\/uploads\/2024\/07\/unnamed-17-1024x684.jpg 1024w, https:\/\/sgvaimudar.com.br\/wp-content\/uploads\/2024\/07\/unnamed-17-300x200.jpg 300w, https:\/\/sgvaimudar.com.br\/wp-content\/uploads\/2024\/07\/unnamed-17-768x513.jpg 768w, https:\/\/sgvaimudar.com.br\/wp-content\/uploads\/2024\/07\/unnamed-17-1536x1027.jpg 1536w, https:\/\/sgvaimudar.com.br\/wp-content\/uploads\/2024\/07\/unnamed-17.jpg 1616w\" sizes=\"(max-width: 1024px) 100vw, 1024px\" \/><\/figure>\n\n\n\n<p>&nbsp;&nbsp;&nbsp;&nbsp;&nbsp;\u201cMais de 90% da popula\u00e7\u00e3o de S\u00e3o Gon\u00e7alo tem como plano de sa\u00fade a rede SUS. Ent\u00e3o, a gente tem que ter uma rede muito grande para atender e temos que melhorar sempre. A gente tenta ofertar todos os tratamentos para a popula\u00e7\u00e3o, que \u00e9 muito carente de tudo. A m\u00e1quina n\u00e3o pode parar. Precisamos tirar o atraso de d\u00e9cadas, que ningu\u00e9m fez nada. A popula\u00e7\u00e3o merece e eu quero uma cidade melhor\u201d, disse Capit\u00e3o Nelson.&nbsp;<\/p>\n\n\n\n<p>&nbsp;&nbsp;&nbsp;&nbsp;&nbsp;A antiga sede da USF \u2013 uma casinha nos fundos do terreno \u2013 foi derrubada pela Secretaria de Sa\u00fade e Defesa Civil para dar espa\u00e7o \u00e0 nova constru\u00e7\u00e3o, que ocupa todo o espa\u00e7o. Os funcion\u00e1rios da unidade de sa\u00fade estavam emocionados com o novo local de trabalho \u2013 muito diferente da unidade prec\u00e1ria anterior.&nbsp;<\/p>\n\n\n\n<p>&nbsp;&nbsp;&nbsp;&nbsp;&nbsp;Agora, a unidade conta com sete consult\u00f3rios, consult\u00f3rio de odontologia com duas cadeiras e escov\u00f3dromo adulto e infantil, salas de inala\u00e7\u00e3o, imuniza\u00e7\u00e3o, de coleta de exames, curativo, multiuso, administra\u00e7\u00e3o, espera, recep\u00e7\u00e3o, farm\u00e1cia, copa, almoxarifado, esteriliza\u00e7\u00e3o, regula\u00e7\u00e3o, vesti\u00e1rio, banheiros para funcion\u00e1rios e banheiros adaptados para pessoas com defici\u00eancia (PCD).&nbsp;<\/p>\n\n\n\n<p>&nbsp;&nbsp;&nbsp;&nbsp;&nbsp;\u201cEstamos vendo a emo\u00e7\u00e3o das pessoas que trabalham aqui com essa transforma\u00e7\u00e3o. Isso \u00e9 fruto de planejamento desde o primeiro ano de gest\u00e3o do prefeito Capit\u00e3o Nelson, quando come\u00e7amos a tra\u00e7ar o projeto Novos Rumos, que tem o eixo Cidade Saud\u00e1vel, criado para recuperar toda a estrutura da sa\u00fade, que estava deteriorada. Depois dessas obras que o Capit\u00e3o est\u00e1 fazendo, nem d\u00e1 mais para chamar de postinho. Hoje, a gente tem orgulho de ver essas entregas em v\u00e1rios bairros. E o grande objetivo \u00e9 que a Aten\u00e7\u00e3o B\u00e1sica tenha produtividade. Muitas pessoas que procuram a urg\u00eancia e emerg\u00eancia poderiam ser atendidas aqui no posto. Agora, elas v\u00e3o resolver os problemas aqui\u201d, destacou o secret\u00e1rio de Estado das Cidades, Douglas Ruas.&nbsp;&nbsp;<\/p>\n\n\n\n<p>&nbsp;&nbsp;&nbsp;&nbsp;&nbsp;Os pacientes ter\u00e3o \u00e0 disposi\u00e7\u00e3o equipe da Estrat\u00e9gia de Sa\u00fade da Fam\u00edlia (ESF) com&nbsp;m\u00e9dico, enfermeiro, t\u00e9cnico de enfermagem e agentes comunit\u00e1rios de sa\u00fade. O posto tamb\u00e9m ter\u00e1 dentistas, profissionais dos programas da Aten\u00e7\u00e3o B\u00e1sica com a oferta de preventivo, puericultura, pr\u00e9-natal, medi\u00e7\u00e3o da press\u00e3o arterial e da glicose, exames laboratoriais e os profissionais do e-Multi: nutricionista, fisioterapeuta, educador f\u00edsico, assistente social e psic\u00f3logo. Haver\u00e1 tamb\u00e9m vacina\u00e7\u00e3o e servi\u00e7o de curativo.&nbsp;&nbsp;&nbsp;&nbsp;<\/p>\n\n\n\n<p>&nbsp;&nbsp;&nbsp;&nbsp;&nbsp;\u201cHoje, nossas unidades est\u00e3o revitalizadas, humanizadas, climatizadas, informatizadas e com tudo de primeira. Eu sempre cobro dos profissionais de sa\u00fade para atender bem, para humanizar os atendimentos, ter carinho, ter respeito, tentar resolver o problema delas. J\u00e1 vi que a equipe daqui vai fazer isso, vai levar a frente o que o Capit\u00e3o sempre pede, que \u00e9 atender bem a popula\u00e7\u00e3o\u201d, afirmou o secret\u00e1rio de Sa\u00fade, Dr. Gleison Rocha.&nbsp;<\/p>\n\n\n\n<p>&nbsp;&nbsp;&nbsp;&nbsp;&nbsp;A constru\u00e7\u00e3o foi realizada conforme as normas exigidas pela Ag\u00eancia Nacional de Vigil\u00e2ncia Sanit\u00e1ria (Anvisa): a RDC 50, que diz respeito aos ambientes (climatiza\u00e7\u00e3o, mobili\u00e1rio e equipamentos) e a NBR 9050, sobre acessibilidade (rampa, piso t\u00e1til, barras, banheiros adaptados para pessoas com defici\u00eancia e com campainha de alerta).&nbsp;&nbsp;<\/p>\n\n\n\n<p><strong>Unidades da rede b\u00e1sica entregues:&nbsp;<\/strong><\/p>\n\n\n\n<p>1 &#8211; Santa Luzia&nbsp;<\/p>\n\n\n\n<p>2 &#8211; Robert Koch, Patronato&nbsp;<\/p>\n\n\n\n<p>3 &#8211; Mahatma Ghandi, Jardim Calif\u00f3rnia&nbsp;<\/p>\n\n\n\n<p>4 &#8211; Jos\u00e9 Avelino, Tribob\u00f3&nbsp;<\/p>\n\n\n\n<p>5 &#8211; Haroldo Pereira Nunes, Porto Novo&nbsp;<\/p>\n\n\n\n<p>6 &#8211; Barbosa Lima Sobrinho, Porto da Pedra&nbsp;<\/p>\n\n\n\n<p>7 &#8211; Badger da Silveira, Tribob\u00f3&nbsp;&nbsp;<\/p>\n\n\n\n<p>8 &#8211; Madre Tereza de Calcut\u00e1, Estrela do Norte&nbsp;<\/p>\n\n\n\n<p>9 &#8211; Jos\u00e9 Jorge Cortes Freitas, Itaitindiba&nbsp;<\/p>\n\n\n\n<p>10 &#8211; An\u00edbal Porto, Monjolos&nbsp;<\/p>\n\n\n\n<p>11 &#8211; Geremias de Mattos Fontes, Jardim Bom Retiro&nbsp;<\/p>\n\n\n\n<p>12 &#8211; Luiza de Marillac, Novo M\u00e9xico&nbsp;<\/p>\n\n\n\n<p>13 &#8211; Irm\u00e3 Dulce, Trindade&nbsp;&nbsp;<\/p>\n\n\n\n<p>14 &#8211; Hiparco Ferreira, Engenho do Ro\u00e7ado&nbsp;<\/p>\n\n\n\n<p>15 &#8211; Fl\u00e1vio Henrique de Brito, J\u00f3quei&nbsp;<\/p>\n\n\n\n<p>16 &#8211; Get\u00falio Vargas, Boa Vista&nbsp;<\/p>\n\n\n\n<p>17 &#8211; Candoza&nbsp;<\/p>\n\n\n\n<p>18 &#8211; Floren\u00e7a Helena Pereira, Largo da Ideia&nbsp;&nbsp;<\/p>\n\n\n\n<p>19 &#8211; Anaia&nbsp;<\/p>\n\n\n\n<p>20 &#8211; Victor Chimelly, Paiva&nbsp;<\/p>\n\n\n\n<p>21 &#8211; Tancredo Neves, Luiz Ca\u00e7ador&nbsp;<\/p>\n\n\n\n<p>22 &#8211; Neuza Goulart, em Palmeiras&nbsp;<\/p>\n\n\n\n<p>23 &#8211; Jos\u00e9 Bruno Neto, Boa Vista&nbsp;<\/p>\n\n\n\n<p>24 &#8211; Altair da Silva, Mutu\u00e1&nbsp;<\/p>\n\n\n\n<p>25 &#8211; Juvenil Francisco Ribeiro, Engenho Pequeno&nbsp;<\/p>\n\n\n\n<p>26 &#8211; Luiz Carlos Prestes, Santa Catarina&nbsp;<\/p>\n\n\n\n<p>27 &#8211; Adolfo Lutz, Amendoeira<\/p>\n\n\n\n<p>28 &#8211; Armando Le\u00e3o Ferreira, Morro do Castro&nbsp;<\/p>\n\n\n\n<p>29 &#8211; Bento da Cruz, Porto Novo&nbsp;<\/p>\n\n\n\n<p>30 &#8211; Louis Pasteur, Guaxindiba&nbsp;<\/p>\n\n\n\n<p>31 &#8211; Agenor Jos\u00e9 da Silva, Jardim Catarina&nbsp;<\/p>\n\n\n\n<p>32 &#8211; Doutel de Andrade, Maria Paula&nbsp;<\/p>\n\n\n\n<p>33 &#8211; Marechal C\u00e2ndido Rondon, Coluband\u00ea&nbsp;<\/p>\n\n\n\n<p>34 &#8211; Gladys Rodrigues Ramos Freitas, Santa Isabel&nbsp;<\/p>\n\n\n\n<p>35 &#8211; Cl\u00ednica Gon\u00e7alense do Coluband\u00ea<\/p>\n\n\n\n<p>36 &#8211; Bocayuva Cunha, Gradim<\/p>\n\n\n\n<p>37 &#8211; Roberto Silveira, Vista Alegre<\/p>\n\n\n\n<p>38 &#8211; Albert Sabin, Salgueiro&nbsp;<\/p>\n\n\n\n<p>39 &#8211; Elza Borges, Santa Luzia<\/p>\n\n\n\n<p>40 &#8211; Polo Sanit\u00e1rio Jorge Teixeira de Lima, Jardim Catarina<\/p>\n\n\n\n<p>41 &#8211; Josias Muniz, Arrast\u00e3o&nbsp;<\/p>\n\n\n\n<p>42 &#8211; Maril\u00e9a Cardoso, J\u00f3quei<\/p>\n\n\n\n<p>43 &#8211; David Capistrano, Recanto das Ac\u00e1cias<\/p>\n\n\n\n<p>44 &#8211; \u00c1gua Mineral<\/p>\n\n\n\n<p>45 &#8211; Carlos Chagas, Fazenda dos Mineiros<\/p>\n\n\n\n<p>46 &#8211; Ita\u00fana&nbsp;<\/p>\n\n\n\n<p><strong>Postos em obra de revitaliza\u00e7\u00e3o e constru\u00e7\u00e3o<\/strong><\/p>\n\n\n\n<p>1 &#8211; Bandeirantes<\/p>\n\n\n\n<p>2 &#8211; Cl\u00ednica de Neves&nbsp;<\/p>\n\n\n\n<p>3 &#8211; Cl\u00ednica Lagoinha<\/p>\n\n\n\n<p>4 &#8211; Vista Alegre.<\/p>\n\n\n\n<p><em>Fotos: Renan Otto<\/em><\/p>\n","protected":false},"excerpt":{"rendered":"<p>USF Ita\u00fana \u00e9 reconstru\u00edda e ampliada, ganhando 16 salas de atendimento A nova Unidade de Sa\u00fade da Fam\u00edlia (USF) Ita\u00fana&hellip;<\/p>\n","protected":false},"author":5,"featured_media":8371,"comment_status":"open","ping_status":"open","sticky":false,"template":"","format":"standard","meta":{"fifu_image_url":"","fifu_image_alt":"","footnotes":""},"categories":[7],"tags":[],"class_list":["post-8369","post","type-post","status-publish","format-standard","has-post-thumbnail","hentry","category-saude"],"_links":{"self":[{"href":"https:\/\/sgvaimudar.com.br\/index.php\/wp-json\/wp\/v2\/posts\/8369","targetHints":{"allow":["GET"]}}],"collection":[{"href":"https:\/\/sgvaimudar.com.br\/index.php\/wp-json\/wp\/v2\/posts"}],"about":[{"href":"https:\/\/sgvaimudar.com.br\/index.php\/wp-json\/wp\/v2\/types\/post"}],"author":[{"embeddable":true,"href":"https:\/\/sgvaimudar.com.br\/index.php\/wp-json\/wp\/v2\/users\/5"}],"replies":[{"embeddable":true,"href":"https:\/\/sgvaimudar.com.br\/index.php\/wp-json\/wp\/v2\/comments?post=8369"}],"version-history":[{"count":1,"href":"https:\/\/sgvaimudar.com.br\/index.php\/wp-json\/wp\/v2\/posts\/8369\/revisions"}],"predecessor-version":[{"id":8372,"href":"https:\/\/sgvaimudar.com.br\/index.php\/wp-json\/wp\/v2\/posts\/8369\/revisions\/8372"}],"wp:featuredmedia":[{"embeddable":true,"href":"https:\/\/sgvaimudar.com.br\/index.php\/wp-json\/wp\/v2\/media\/8371"}],"wp:attachment":[{"href":"https:\/\/sgvaimudar.com.br\/index.php\/wp-json\/wp\/v2\/media?parent=8369"}],"wp:term":[{"taxonomy":"category","embeddable":true,"href":"https:\/\/sgvaimudar.com.br\/index.php\/wp-json\/wp\/v2\/categories?post=8369"},{"taxonomy":"post_tag","embeddable":true,"href":"https:\/\/sgvaimudar.com.br\/index.php\/wp-json\/wp\/v2\/tags?post=8369"}],"curies":[{"name":"wp","href":"https:\/\/api.w.org\/{rel}","templated":true}]}}