{"id":8361,"date":"2024-07-01T08:19:00","date_gmt":"2024-07-01T11:19:00","guid":{"rendered":"https:\/\/sgvaimudar.com.br\/?p=8361"},"modified":"2024-07-01T08:20:32","modified_gmt":"2024-07-01T11:20:32","slug":"pm-desaparecido-em-marica-pericia-conclui-que-corpo-carbonizado-em-carro-encontrado-e-de-cabo","status":"publish","type":"post","link":"https:\/\/sgvaimudar.com.br\/index.php\/2024\/07\/01\/pm-desaparecido-em-marica-pericia-conclui-que-corpo-carbonizado-em-carro-encontrado-e-de-cabo\/","title":{"rendered":"PM desaparecido em Maric\u00e1: Per\u00edcia conclui que corpo carbonizado em carro  encontrado \u00e9 de cabo"},"content":{"rendered":"\n<p><em>Alexandre Silva foi sequestrado no dia 30 de maio depois de sair de casa para comprar refrigerante<\/em><\/p>\n\n\n\n<p>O delegado da 82\u00aaDP Bruno Gilaberte, falou da  per\u00edcia t\u00e9cnica do Instituto M\u00e9dico Legal (IML) do Barreto, em Niter\u00f3i, sobre o corpo encontrado carbonizado no dia 1 de junho em\u00a0Itaipua\u00e7u, Maric\u00e1, e disse que, infelizmente, \u00e9 do\u00a0cabo da Pol\u00edcia Militar Alexandre Silva Lima. <\/p>\n\n\n\n<p>Ele estava\u00a0desaparecido desde o dia 30 de maio, ap\u00f3s sair de casa para comprar refrigerante e ser sequestrado\u00a0e levado para o interior da comunidade do Risca Faca, na mesma cidade.\u00a0<\/p>\n\n\n\n<p>&#8220;No laudo tamb\u00e9m ficou comprovado que o corpo \u00e9 do militar. Al\u00e9m disso, o sangue encontrado em volta dos restos mortais tamb\u00e9m era de Alexandre. O caso agora passa a ser investigado como homic\u00eddio&#8221;, disse o delegado.\u00a0<\/p>\n\n\n\n<p>V\u00e1rias buscas foram feitas e em uma delas tr\u00eas\u00a0homens foram presos ap\u00f3s entrarem em confronto com agentes do 12\u00b0 BPM (Niter\u00f3i) na\u00a0comunidade do Risca Faca. Mas eles n\u00e3o tinham rela\u00e7\u00e3o com o crime, como apontam as investiga\u00e7\u00f5es<\/p>\n\n\n\n<p>De acordo com a Pol\u00edcia Civil, j\u00e1 existem suspeitos sendo investigados pela morte do PM. Eles seriam integrantes da fac\u00e7\u00e3o do Comando Vermelho. Por\u00e9m, at\u00e9 o momento ningu\u00e9m foi preso.&nbsp;<\/p>\n\n\n\n<p><strong>Relembre o caso<\/strong><\/p>\n\n\n\n<p>A esposa do cabo da Pol\u00edcia Militar Alexandre de Silva Lima procurou a Pol\u00edcia Militar para relatar que ele havia sido sequestrado no dia 30 de maio, e levado para o interior da comunidade do Risca Faca, em Maric\u00e1. O agente era lotado na Unidade de Pol\u00edcia Pacificadora (UPP) Nova Bras\u00edlia.<\/p>\n\n\n\n<p><\/p>\n","protected":false},"excerpt":{"rendered":"<p>Alexandre Silva foi sequestrado no dia 30 de maio depois de sair de casa para comprar refrigerante O delegado da&hellip;<\/p>\n","protected":false},"author":5,"featured_media":8362,"comment_status":"open","ping_status":"open","sticky":false,"template":"","format":"standard","meta":{"fifu_image_url":"","fifu_image_alt":"","footnotes":""},"categories":[32],"tags":[],"class_list":["post-8361","post","type-post","status-publish","format-standard","has-post-thumbnail","hentry","category-casos-de-policia"],"_links":{"self":[{"href":"https:\/\/sgvaimudar.com.br\/index.php\/wp-json\/wp\/v2\/posts\/8361","targetHints":{"allow":["GET"]}}],"collection":[{"href":"https:\/\/sgvaimudar.com.br\/index.php\/wp-json\/wp\/v2\/posts"}],"about":[{"href":"https:\/\/sgvaimudar.com.br\/index.php\/wp-json\/wp\/v2\/types\/post"}],"author":[{"embeddable":true,"href":"https:\/\/sgvaimudar.com.br\/index.php\/wp-json\/wp\/v2\/users\/5"}],"replies":[{"embeddable":true,"href":"https:\/\/sgvaimudar.com.br\/index.php\/wp-json\/wp\/v2\/comments?post=8361"}],"version-history":[{"count":1,"href":"https:\/\/sgvaimudar.com.br\/index.php\/wp-json\/wp\/v2\/posts\/8361\/revisions"}],"predecessor-version":[{"id":8363,"href":"https:\/\/sgvaimudar.com.br\/index.php\/wp-json\/wp\/v2\/posts\/8361\/revisions\/8363"}],"wp:featuredmedia":[{"embeddable":true,"href":"https:\/\/sgvaimudar.com.br\/index.php\/wp-json\/wp\/v2\/media\/8362"}],"wp:attachment":[{"href":"https:\/\/sgvaimudar.com.br\/index.php\/wp-json\/wp\/v2\/media?parent=8361"}],"wp:term":[{"taxonomy":"category","embeddable":true,"href":"https:\/\/sgvaimudar.com.br\/index.php\/wp-json\/wp\/v2\/categories?post=8361"},{"taxonomy":"post_tag","embeddable":true,"href":"https:\/\/sgvaimudar.com.br\/index.php\/wp-json\/wp\/v2\/tags?post=8361"}],"curies":[{"name":"wp","href":"https:\/\/api.w.org\/{rel}","templated":true}]}}