{"id":8351,"date":"2024-07-01T07:50:40","date_gmt":"2024-07-01T10:50:40","guid":{"rendered":"https:\/\/sgvaimudar.com.br\/?p=8351"},"modified":"2024-07-01T07:50:41","modified_gmt":"2024-07-01T10:50:41","slug":"cabine-da-pm-e-furtada-por-criminosos-na-linha-amarela","status":"publish","type":"post","link":"https:\/\/sgvaimudar.com.br\/index.php\/2024\/07\/01\/cabine-da-pm-e-furtada-por-criminosos-na-linha-amarela\/","title":{"rendered":"Cabine da PM \u00e9 furtada por criminosos na Linha Amarela"},"content":{"rendered":"\n<p><em>Imagens mostram a dupla retirando fios de cobre do ar-condicionado<\/em><\/p>\n\n\n\n<p>Uma cabine da Pol\u00edcia Militar foi alvo de dois criminosos na Linha Amarela. A a\u00e7\u00e3o foi flagrada por um motorista que passava pelo local e divulgada nas redes sociais neste domingo (30). Na imagens, a dupla&nbsp;aparece furtando fios de cobre do ar-condicionado.<\/p>\n\n\n\n<p>O caso ocorreu em plena \u00e0 luz, nas proximidades da Avenida Brasil. No momento do crime, a cabine, que serve como ponto de apoio do Batalh\u00e3o de Policiamento em Vias Expressas (BPVE), estava vazia.<\/p>\n\n\n\n<p>Procurada, a&nbsp;PM explicou&nbsp;que, assim que tomou conhecimento, o comando do BPVE intensificou o policiamento no local e iniciou uma s\u00e9rie de a\u00e7\u00f5es de varredura na regi\u00e3o. At\u00e9 o momento, ningu\u00e9m foi preso.<\/p>\n\n\n\n<p>&#8220;A cabine serve de apoio para o policiamento ostensivo, que atua na regi\u00e3o de maneira din\u00e2mica atrav\u00e9s de viaturas e com roteiros planejados&#8221;, disse em nota.<\/p>\n\n\n\n<p>Questionados sobre a quantidade do material roubado, a corpora\u00e7\u00e3o n\u00e3o respondeu.<\/p>\n\n\n\n<p><em>Fonte: O Dia<\/em><\/p>\n","protected":false},"excerpt":{"rendered":"<p>Imagens mostram a dupla retirando fios de cobre do ar-condicionado Uma cabine da Pol\u00edcia Militar foi alvo de dois criminosos&hellip;<\/p>\n","protected":false},"author":5,"featured_media":8352,"comment_status":"open","ping_status":"open","sticky":false,"template":"","format":"standard","meta":{"fifu_image_url":"","fifu_image_alt":"","footnotes":""},"categories":[32],"tags":[],"class_list":["post-8351","post","type-post","status-publish","format-standard","has-post-thumbnail","hentry","category-casos-de-policia"],"_links":{"self":[{"href":"https:\/\/sgvaimudar.com.br\/index.php\/wp-json\/wp\/v2\/posts\/8351","targetHints":{"allow":["GET"]}}],"collection":[{"href":"https:\/\/sgvaimudar.com.br\/index.php\/wp-json\/wp\/v2\/posts"}],"about":[{"href":"https:\/\/sgvaimudar.com.br\/index.php\/wp-json\/wp\/v2\/types\/post"}],"author":[{"embeddable":true,"href":"https:\/\/sgvaimudar.com.br\/index.php\/wp-json\/wp\/v2\/users\/5"}],"replies":[{"embeddable":true,"href":"https:\/\/sgvaimudar.com.br\/index.php\/wp-json\/wp\/v2\/comments?post=8351"}],"version-history":[{"count":1,"href":"https:\/\/sgvaimudar.com.br\/index.php\/wp-json\/wp\/v2\/posts\/8351\/revisions"}],"predecessor-version":[{"id":8353,"href":"https:\/\/sgvaimudar.com.br\/index.php\/wp-json\/wp\/v2\/posts\/8351\/revisions\/8353"}],"wp:featuredmedia":[{"embeddable":true,"href":"https:\/\/sgvaimudar.com.br\/index.php\/wp-json\/wp\/v2\/media\/8352"}],"wp:attachment":[{"href":"https:\/\/sgvaimudar.com.br\/index.php\/wp-json\/wp\/v2\/media?parent=8351"}],"wp:term":[{"taxonomy":"category","embeddable":true,"href":"https:\/\/sgvaimudar.com.br\/index.php\/wp-json\/wp\/v2\/categories?post=8351"},{"taxonomy":"post_tag","embeddable":true,"href":"https:\/\/sgvaimudar.com.br\/index.php\/wp-json\/wp\/v2\/tags?post=8351"}],"curies":[{"name":"wp","href":"https:\/\/api.w.org\/{rel}","templated":true}]}}