{"id":8324,"date":"2024-06-30T18:00:00","date_gmt":"2024-06-30T21:00:00","guid":{"rendered":"https:\/\/sgvaimudar.com.br\/?p=8324"},"modified":"2024-06-30T09:41:51","modified_gmt":"2024-06-30T12:41:51","slug":"vem-ai-em-sao-goncalo-a-festa-cultural-da-educacao","status":"publish","type":"post","link":"https:\/\/sgvaimudar.com.br\/index.php\/2024\/06\/30\/vem-ai-em-sao-goncalo-a-festa-cultural-da-educacao\/","title":{"rendered":"Vem a\u00ed em S\u00e3o Gon\u00e7alo: a Festa Cultural da Educa\u00e7\u00e3o"},"content":{"rendered":"\n<p><em>Vinte e oito escolas participam de evento que valoriza cultura brasileira<\/em><\/p>\n\n\n\n<p>Um grande evento para celebrar a cultura brasileira e o folclore ser\u00e1 realizado pela Prefeitura de S\u00e3o Gon\u00e7alo, atrav\u00e9s da Secretaria de Educa\u00e7\u00e3o, no pr\u00f3ximo s\u00e1bado (6), a partir das 10h, no Col\u00e9gio Municipal Esteph\u00e2nia de Carvalho, no bairro Laranjal, com entrada franca \u00e0 popula\u00e7\u00e3o.<\/p>\n\n\n\n<p>A 3\u00aa Festa Cultural da Educa\u00e7\u00e3o vai reunir 28 escolas da rede municipal de S\u00e3o Gon\u00e7alo, incluindo creches conveniadas, que far\u00e3o apresenta\u00e7\u00f5es de carimb\u00f3, frevo, dan\u00e7a da saia e bumba meu boi, al\u00e9m de barraquinhas com comidas t\u00edpicas e a apresenta\u00e7\u00e3o da Quadrilha Bal\u00e3o Dourado.<\/p>\n\n\n\n<p><strong>Servi\u00e7o:<\/strong><\/p>\n\n\n\n<p>3\u00aa Festa Cultural da Educa\u00e7\u00e3o, no pr\u00f3ximo s\u00e1bado (6), das 10h \u00e0s 16h, no Col\u00e9gio Municipal Esteph\u00e2nia de Carvalho, que fica na Esquina com Rua Cardeal Sebasti\u00e3o Leme, Av. Bpo. Dom Jo\u00e3o da Mata, S\/N &#8211; Laranjal, S\u00e3o Gon\u00e7alo \u2013 RJ.<\/p>\n","protected":false},"excerpt":{"rendered":"<p>Vinte e oito escolas participam de evento que valoriza cultura brasileira Um grande evento para celebrar a cultura brasileira e&hellip;<\/p>\n","protected":false},"author":5,"featured_media":8325,"comment_status":"open","ping_status":"open","sticky":false,"template":"","format":"standard","meta":{"fifu_image_url":"","fifu_image_alt":"","footnotes":""},"categories":[3],"tags":[],"class_list":["post-8324","post","type-post","status-publish","format-standard","has-post-thumbnail","hentry","category-sao-goncalo"],"_links":{"self":[{"href":"https:\/\/sgvaimudar.com.br\/index.php\/wp-json\/wp\/v2\/posts\/8324","targetHints":{"allow":["GET"]}}],"collection":[{"href":"https:\/\/sgvaimudar.com.br\/index.php\/wp-json\/wp\/v2\/posts"}],"about":[{"href":"https:\/\/sgvaimudar.com.br\/index.php\/wp-json\/wp\/v2\/types\/post"}],"author":[{"embeddable":true,"href":"https:\/\/sgvaimudar.com.br\/index.php\/wp-json\/wp\/v2\/users\/5"}],"replies":[{"embeddable":true,"href":"https:\/\/sgvaimudar.com.br\/index.php\/wp-json\/wp\/v2\/comments?post=8324"}],"version-history":[{"count":1,"href":"https:\/\/sgvaimudar.com.br\/index.php\/wp-json\/wp\/v2\/posts\/8324\/revisions"}],"predecessor-version":[{"id":8326,"href":"https:\/\/sgvaimudar.com.br\/index.php\/wp-json\/wp\/v2\/posts\/8324\/revisions\/8326"}],"wp:featuredmedia":[{"embeddable":true,"href":"https:\/\/sgvaimudar.com.br\/index.php\/wp-json\/wp\/v2\/media\/8325"}],"wp:attachment":[{"href":"https:\/\/sgvaimudar.com.br\/index.php\/wp-json\/wp\/v2\/media?parent=8324"}],"wp:term":[{"taxonomy":"category","embeddable":true,"href":"https:\/\/sgvaimudar.com.br\/index.php\/wp-json\/wp\/v2\/categories?post=8324"},{"taxonomy":"post_tag","embeddable":true,"href":"https:\/\/sgvaimudar.com.br\/index.php\/wp-json\/wp\/v2\/tags?post=8324"}],"curies":[{"name":"wp","href":"https:\/\/api.w.org\/{rel}","templated":true}]}}