{"id":8320,"date":"2024-06-30T16:00:00","date_gmt":"2024-06-30T19:00:00","guid":{"rendered":"https:\/\/sgvaimudar.com.br\/?p=8320"},"modified":"2024-06-30T09:38:19","modified_gmt":"2024-06-30T12:38:19","slug":"centro-de-referencia-municipal-do-autista-promove-passeio-ao-museu-do-maracana","status":"publish","type":"post","link":"https:\/\/sgvaimudar.com.br\/index.php\/2024\/06\/30\/centro-de-referencia-municipal-do-autista-promove-passeio-ao-museu-do-maracana\/","title":{"rendered":"Centro de Refer\u00eancia Municipal do Autista promove passeio ao Museu do Maracan\u00e3"},"content":{"rendered":"\n<p><em>Atendidos do Centro de Refer\u00eancia do Autista se encantam com a visita<\/em><\/p>\n\n\n\n<p>A tarde desta ter\u00e7a-feira (26) vai ficar marcada na mem\u00f3ria de 15 atendidos do Centro de Refer\u00eancia Municipal do Autista Marlene Fel\u00edcio Faria, no Centro de S\u00e3o Gon\u00e7alo, e de seus respons\u00e1veis. Eles foram visitar o Museu do Maracan\u00e3, onde conheceram um pouco mais sobre o futebol e os grandes jogadores brasileiros. A iniciativa foi da Subsecretaria da Pessoa com Defici\u00eancia, da Secretaria de Assist\u00eancia Social, em parceria com a Secretaria de Educa\u00e7\u00e3o da Prefeitura de S\u00e3o Gon\u00e7alo.<\/p>\n\n\n\n<figure class=\"wp-block-image size-large\"><img fetchpriority=\"high\" decoding=\"async\" width=\"1024\" height=\"683\" src=\"https:\/\/sgvaimudar.com.br\/wp-content\/uploads\/2024\/06\/unnamed-8-13-1024x683.jpg\" alt=\"\" class=\"wp-image-8321\" srcset=\"https:\/\/sgvaimudar.com.br\/wp-content\/uploads\/2024\/06\/unnamed-8-13-1024x683.jpg 1024w, https:\/\/sgvaimudar.com.br\/wp-content\/uploads\/2024\/06\/unnamed-8-13-300x200.jpg 300w, https:\/\/sgvaimudar.com.br\/wp-content\/uploads\/2024\/06\/unnamed-8-13-768x512.jpg 768w, https:\/\/sgvaimudar.com.br\/wp-content\/uploads\/2024\/06\/unnamed-8-13-1536x1024.jpg 1536w, https:\/\/sgvaimudar.com.br\/wp-content\/uploads\/2024\/06\/unnamed-8-13.jpg 1620w\" sizes=\"(max-width: 1024px) 100vw, 1024px\" \/><\/figure>\n\n\n\n<p>Para selecionar os 15 atendidos que fariam parte da visita, a unidade fez um sorteio, j\u00e1 que muitos contam com hiperfoco em futebol. A psic\u00f3loga da unidade, Teresa Cristina da Silva, contou que o futebol \u00e9 um tema recorrente entre os atendidos e era um sonho chegar ao Maracan\u00e3.<\/p>\n\n\n\n<p>\u201cNo m\u00eas de maio, eu trabalhei sentimentos com eles e perguntei onde eles ainda n\u00e3o foram que eles gostariam de ir, alguns responderam: Maracan\u00e3. Eu imediatamente falei com a diretora, para tentarmos traz\u00ea-los\u201d, disse a psic\u00f3loga.<\/p>\n\n\n\n<p>O atendido Carlos Alexandre, de 15 anos, ficou encantado com o est\u00e1dio. Sua m\u00e3e, Ang\u00e9lica Cardoso, afirmou que o filho \u00e9 apaixonado por futebol e sabe todos os detalhes da funda\u00e7\u00e3o do Maracan\u00e3, bem como a hist\u00f3ria do futebol no Brasil.<\/p>\n\n\n\n<p>\u201cEle est\u00e1 encantado, ele nem pisca. Ele sabe at\u00e9 o n\u00famero exato de cadeira que tem no est\u00e1dio, ele sabe tudo. Estamos muito felizes, com certeza esse dia vai ficar marcado para sempre na nossa mem\u00f3ria\u201d, contou a m\u00e3e.&nbsp;&nbsp;<\/p>\n\n\n\n<p><em>Fotos: Fabio Guimar\u00e3es<\/em><\/p>\n","protected":false},"excerpt":{"rendered":"<p>Atendidos do Centro de Refer\u00eancia do Autista se encantam com a visita A tarde desta ter\u00e7a-feira (26) vai ficar marcada&hellip;<\/p>\n","protected":false},"author":5,"featured_media":8322,"comment_status":"open","ping_status":"open","sticky":false,"template":"","format":"standard","meta":{"fifu_image_url":"","fifu_image_alt":"","footnotes":""},"categories":[6],"tags":[],"class_list":["post-8320","post","type-post","status-publish","format-standard","has-post-thumbnail","hentry","category-entretenimento"],"_links":{"self":[{"href":"https:\/\/sgvaimudar.com.br\/index.php\/wp-json\/wp\/v2\/posts\/8320","targetHints":{"allow":["GET"]}}],"collection":[{"href":"https:\/\/sgvaimudar.com.br\/index.php\/wp-json\/wp\/v2\/posts"}],"about":[{"href":"https:\/\/sgvaimudar.com.br\/index.php\/wp-json\/wp\/v2\/types\/post"}],"author":[{"embeddable":true,"href":"https:\/\/sgvaimudar.com.br\/index.php\/wp-json\/wp\/v2\/users\/5"}],"replies":[{"embeddable":true,"href":"https:\/\/sgvaimudar.com.br\/index.php\/wp-json\/wp\/v2\/comments?post=8320"}],"version-history":[{"count":1,"href":"https:\/\/sgvaimudar.com.br\/index.php\/wp-json\/wp\/v2\/posts\/8320\/revisions"}],"predecessor-version":[{"id":8323,"href":"https:\/\/sgvaimudar.com.br\/index.php\/wp-json\/wp\/v2\/posts\/8320\/revisions\/8323"}],"wp:featuredmedia":[{"embeddable":true,"href":"https:\/\/sgvaimudar.com.br\/index.php\/wp-json\/wp\/v2\/media\/8322"}],"wp:attachment":[{"href":"https:\/\/sgvaimudar.com.br\/index.php\/wp-json\/wp\/v2\/media?parent=8320"}],"wp:term":[{"taxonomy":"category","embeddable":true,"href":"https:\/\/sgvaimudar.com.br\/index.php\/wp-json\/wp\/v2\/categories?post=8320"},{"taxonomy":"post_tag","embeddable":true,"href":"https:\/\/sgvaimudar.com.br\/index.php\/wp-json\/wp\/v2\/tags?post=8320"}],"curies":[{"name":"wp","href":"https:\/\/api.w.org\/{rel}","templated":true}]}}