{"id":8316,"date":"2024-06-30T14:00:00","date_gmt":"2024-06-30T17:00:00","guid":{"rendered":"https:\/\/sgvaimudar.com.br\/?p=8316"},"modified":"2024-06-30T09:34:29","modified_gmt":"2024-06-30T12:34:29","slug":"sao-goncalo-debate-praticas-na-educacao-infantil","status":"publish","type":"post","link":"https:\/\/sgvaimudar.com.br\/index.php\/2024\/06\/30\/sao-goncalo-debate-praticas-na-educacao-infantil\/","title":{"rendered":"S\u00e3o Gon\u00e7alo debate pr\u00e1ticas na Educa\u00e7\u00e3o Infantil"},"content":{"rendered":"\n<p><em>Semin\u00e1rio re\u00fane profissionais da rede municipal na Uerj<\/em><\/p>\n\n\n\n<p>Com o objetivo de discutir pr\u00e1ticas pedag\u00f3gicas e trocar experi\u00eancias, a Subsecretaria de A\u00e7\u00f5es Pedag\u00f3gicas da Secretaria de Educa\u00e7\u00e3o da Prefeitura de S\u00e3o Gon\u00e7alo realizou, nesta sexta-feira (28), no audit\u00f3rio da Universidade do Estado do Rio de janeiro (Uerj), o 2\u00ba Semin\u00e1rio da Educa\u00e7\u00e3o Infantil, com o tema \u201cReflex\u00f5es e pr\u00e1ticas com a doc\u00eancia na Educa\u00e7\u00e3o Infantil\u201d.<\/p>\n\n\n\n<figure class=\"wp-block-image size-full\"><img fetchpriority=\"high\" decoding=\"async\" width=\"1024\" height=\"695\" src=\"https:\/\/sgvaimudar.com.br\/wp-content\/uploads\/2024\/06\/unnamed-4-17.jpg\" alt=\"\" class=\"wp-image-8317\" srcset=\"https:\/\/sgvaimudar.com.br\/wp-content\/uploads\/2024\/06\/unnamed-4-17.jpg 1024w, https:\/\/sgvaimudar.com.br\/wp-content\/uploads\/2024\/06\/unnamed-4-17-300x204.jpg 300w, https:\/\/sgvaimudar.com.br\/wp-content\/uploads\/2024\/06\/unnamed-4-17-768x521.jpg 768w\" sizes=\"(max-width: 1024px) 100vw, 1024px\" \/><\/figure>\n\n\n\n<p>O evento reuniu aproximadamente 200 profissionais da rede municipal de Educa\u00e7\u00e3o, em um dia repleto de palestras e oficinas que colocaram e discuss\u00e3o as pr\u00e1ticas pedag\u00f3gicas no centro do debate.<\/p>\n\n\n\n<p>\u201cMais um ano realizando este semin\u00e1rio e eu queria agradecer a Uerj por esta parceria. \u00c9 preciso ter esse di\u00e1logo sobre pr\u00e1ticas e reflex\u00f5es a respeito da Educa\u00e7\u00e3o Infantil. Desejo que voc\u00eas aproveitem muito e absorvam todo o conte\u00fado, tanto das palestras quanto das oficinas, \u00e9 um espa\u00e7o para trocar experi\u00eancias\u201d, disse a subsecret\u00e1ria de A\u00e7\u00f5es Pedag\u00f3gicas, Ticiane Vinhaes.<\/p>\n\n\n\n<p>Presente no semin\u00e1rio, a diretora da Umei Jos\u00e9 Calil Abuzaid, em Vista Alegre, Marta Duarte, achou a iniciativa muito produtiva, tanto para pensar a teoria, quanto para aprimorar a pr\u00e1tica.<\/p>\n\n\n\n<p>\u201cA abertura foi maravilhosa, palavras consistentes e muito espec\u00edficas para a modalidade de Educa\u00e7\u00e3o Infantil. Um semin\u00e1rio como esse faz uma diferen\u00e7a enorme para o cotidiano da pr\u00e1tica e revis\u00e3o das teorias, \u00e9 de suma import\u00e2ncia\u201d, afirmou a diretora.<\/p>\n\n\n\n<p><em>Fotos: Luiz Carvalho<\/em><\/p>\n","protected":false},"excerpt":{"rendered":"<p>Semin\u00e1rio re\u00fane profissionais da rede municipal na Uerj Com o objetivo de discutir pr\u00e1ticas pedag\u00f3gicas e trocar experi\u00eancias, a Subsecretaria&hellip;<\/p>\n","protected":false},"author":5,"featured_media":8318,"comment_status":"open","ping_status":"open","sticky":false,"template":"","format":"standard","meta":{"fifu_image_url":"","fifu_image_alt":"","footnotes":""},"categories":[3],"tags":[],"class_list":["post-8316","post","type-post","status-publish","format-standard","has-post-thumbnail","hentry","category-sao-goncalo"],"_links":{"self":[{"href":"https:\/\/sgvaimudar.com.br\/index.php\/wp-json\/wp\/v2\/posts\/8316","targetHints":{"allow":["GET"]}}],"collection":[{"href":"https:\/\/sgvaimudar.com.br\/index.php\/wp-json\/wp\/v2\/posts"}],"about":[{"href":"https:\/\/sgvaimudar.com.br\/index.php\/wp-json\/wp\/v2\/types\/post"}],"author":[{"embeddable":true,"href":"https:\/\/sgvaimudar.com.br\/index.php\/wp-json\/wp\/v2\/users\/5"}],"replies":[{"embeddable":true,"href":"https:\/\/sgvaimudar.com.br\/index.php\/wp-json\/wp\/v2\/comments?post=8316"}],"version-history":[{"count":1,"href":"https:\/\/sgvaimudar.com.br\/index.php\/wp-json\/wp\/v2\/posts\/8316\/revisions"}],"predecessor-version":[{"id":8319,"href":"https:\/\/sgvaimudar.com.br\/index.php\/wp-json\/wp\/v2\/posts\/8316\/revisions\/8319"}],"wp:featuredmedia":[{"embeddable":true,"href":"https:\/\/sgvaimudar.com.br\/index.php\/wp-json\/wp\/v2\/media\/8318"}],"wp:attachment":[{"href":"https:\/\/sgvaimudar.com.br\/index.php\/wp-json\/wp\/v2\/media?parent=8316"}],"wp:term":[{"taxonomy":"category","embeddable":true,"href":"https:\/\/sgvaimudar.com.br\/index.php\/wp-json\/wp\/v2\/categories?post=8316"},{"taxonomy":"post_tag","embeddable":true,"href":"https:\/\/sgvaimudar.com.br\/index.php\/wp-json\/wp\/v2\/tags?post=8316"}],"curies":[{"name":"wp","href":"https:\/\/api.w.org\/{rel}","templated":true}]}}