{"id":8312,"date":"2024-06-30T12:00:00","date_gmt":"2024-06-30T15:00:00","guid":{"rendered":"https:\/\/sgvaimudar.com.br\/?p=8312"},"modified":"2024-06-30T09:30:18","modified_gmt":"2024-06-30T12:30:18","slug":"eleitores-da-franca-votam-em-eleicao-que-pode-colocar-extrema-direita-no-governo","status":"publish","type":"post","link":"https:\/\/sgvaimudar.com.br\/index.php\/2024\/06\/30\/eleitores-da-franca-votam-em-eleicao-que-pode-colocar-extrema-direita-no-governo\/","title":{"rendered":"Eleitores da Fran\u00e7a votam em elei\u00e7\u00e3o que pode colocar extrema direita no governo"},"content":{"rendered":"\n<p><em>Pesquisas apontam que pa\u00eds pode ter o chamado sistema de &#8221;coabita\u00e7\u00e3o&#8221;, quando presidente e primeiro-ministro t\u00eam ideologias diferentes<\/em><\/p>\n\n\n\n<p>Eleitores da Fran\u00e7a v\u00e3o \u00e0s urnas neste domingo (29) no primeiro turno das elei\u00e7\u00f5es parlamentares antecipadas. A vota\u00e7\u00e3o poder\u00e1 derrubar a alian\u00e7a centrista do presidente Emmanuel Macron e deix\u00e1-lo ver os restantes tr\u00eas anos do seu mandato presidencial em uma estranha parceria com a extrema direita.<\/p>\n\n\n\n<p>A vota\u00e7\u00e3o come\u00e7a \u00e0s 8h (3h de Bras\u00edlia) e encerram no mesmo dia \u00e0s 20h (15h de Bras\u00edlia). No s\u00e1bado, eleitores dos territ\u00f3rios franceses votaram.<\/p>\n\n\n\n<p>O processo de dois turnos, com o pr\u00f3ximo marcado para 7 de julho, terminar\u00e1 com a elei\u00e7\u00e3o dos 577 membros da Assembleia Nacional. A elei\u00e7\u00e3o acontece de forma distrital.<\/p>\n\n\n\n<p>O pleito foi convocado tr\u00eas anos antes  do necess\u00e1rio e tr\u00eas semanas depois de o partido Renascen\u00e7a de Macron ter sido derrotado pelo Reuni\u00e3o Nacionall (RN), de extrema direita, o partido de Marine Le Pen, nas elei\u00e7\u00f5es para o Parlamento Europeu no in\u00edcio deste m\u00eas.<\/p>\n\n\n\n<p>Minutos depois da derrota humilhante, Macron disse que n\u00e3o podia ignorar a mensagem enviada pelos eleitores e tomou a decis\u00e3o \u201cs\u00e9ria e pesada\u201d de convocar elei\u00e7\u00f5es antecipadas \u2013 as primeiras em Fran\u00e7a desde 1997.<\/p>\n\n\n\n<h2 class=\"wp-block-heading\">Poss\u00edvel governo de \u201ccoabita\u00e7\u00e3o\u201d<\/h2>\n\n\n\n<p>Qualquer que seja o resultado, Macron se comprometeu a permanecer no cargo at\u00e9 \u00e0s pr\u00f3ximas elei\u00e7\u00f5es presidenciais em Fran\u00e7a, em 2027.<\/p>\n\n\n\n<p>A Assembleia Nacional \u00e9 respons\u00e1vel pela aprova\u00e7\u00e3o de leis internas \u2013 desde pens\u00f5es, impostos, imigra\u00e7\u00e3o e educa\u00e7\u00e3o \u2013 enquanto o presidente determina a pol\u00edtica externa, europeia e de defesa do pa\u00eds.<\/p>\n\n\n\n<p>Quando o presidente e a maioria no parlamento pertencem ao mesmo partido, as coisas funcionam bem. Caso contr\u00e1rio, o governo poder\u00e1 parar \u2013 uma perspectiva que poder\u00e1 assombrar Paris enquanto se prepara para acolher os Jogos Ol\u00edmpicos no pr\u00f3ximo m\u00eas.<\/p>\n\n\n\n<p>Mais recentemente, a Fran\u00e7a teve um governo deste tipo \u2013 conhecido como \u201ccoabita\u00e7\u00e3o\u201d \u2013 quando o presidente de direita, Jaques Chirac, convocou elei\u00e7\u00f5es antecipadas e foi for\u00e7ado a nomear um socialista, Lionel Jospin, como primeiro-ministro, que permaneceu no cargo durante cinco anos.<\/p>\n\n\n\n<h2 class=\"wp-block-heading\">Elei\u00e7\u00e3o de dois turnos<\/h2>\n\n\n\n<p>O primeiro turno de vota\u00e7\u00e3o elimina os candidatos mais fracos antes do segundo turno, no pr\u00f3ximo domingo (7). Somente aqueles que obtiverem mais de 12,5% dos votos dos eleitores registrados poder\u00e3o concorrer ao segundo turno.<\/p>\n\n\n\n<p>Frequentemente, isso \u00e9 travado entre dois candidatos, mas \u00e0s vezes tr\u00eas ou quatro. Alguns candidatos optam por desistir nesta fase para dar aos aliados uma melhor chance de vit\u00f3ria.<\/p>\n\n\n\n<p>A maioria dos eleitores escolher\u00e1 um dos tr\u00eas blocos: a alian\u00e7a de extrema direita liderada pelo RN; a Nova Frente Popular (NFP), uma coliga\u00e7\u00e3o de esquerda recentemente formada; e o conjunto centrista de Macron.<\/p>\n\n\n\n<figure class=\"wp-block-image size-full\"><img fetchpriority=\"high\" decoding=\"async\" width=\"559\" height=\"356\" src=\"https:\/\/sgvaimudar.com.br\/wp-content\/uploads\/2024\/06\/lepe.jpg\" alt=\"\" class=\"wp-image-8313\" srcset=\"https:\/\/sgvaimudar.com.br\/wp-content\/uploads\/2024\/06\/lepe.jpg 559w, https:\/\/sgvaimudar.com.br\/wp-content\/uploads\/2024\/06\/lepe-300x191.jpg 300w\" sizes=\"(max-width: 559px) 100vw, 559px\" \/><\/figure>\n\n\n\n<p>O bloco RN \u00e9 liderado por Jordan Bardella, o l\u00edder do partido de 28 anos escolhido a dedo por Le Pen, que se esfor\u00e7ou para polir a imagem de um partido historicamente dominado pelo racismo e antissemitismo que proliferou sob a lideran\u00e7a de d\u00e9cadas de seu pai, Jean-Marie Le Pen.<\/p>\n\n\n\n<p>At\u00e9 recentemente, a perspectiva de um governo de extrema direita era impens\u00e1vel. No passado, os partidos da oposi\u00e7\u00e3o realizaram casamentos de conveni\u00eancia em uma tentativa de impedir o RN \u2013 sob o seu nome anterior, Frente Nacional \u2013 de entrar no governo. Agora, dentro de algumas semanas, Bardella poder\u00e1 se tornar o primeiro-ministro de Fran\u00e7a \u2013 e o mais jovem da Europa em mais de dois s\u00e9culos.<\/p>\n\n\n\n<p>\u00c0 esquerda, um grupo de partidos anteriormente turbulento se uniu recentemente para formar a Nova Frente Popular \u2013 uma coliga\u00e7\u00e3o destinada a ressuscitar a Frente Popular original que impediu os fascistas de ganharem o poder em 1936. A ampla alian\u00e7a inclui figuras mais radicais como Jean-Luc M\u00e9lenchon, tr\u00eas vezes candidato presidencial e l\u00edder do partido Fran\u00e7a Insubmissa, bem como l\u00edderes moderados como Raphael Glucksmann, da Place Publique.<\/p>\n\n\n\n<p>Entretanto, o primeiro-ministro franc\u00eas, Gabriel Attal, \u2013 que s\u00f3 foi nomeado para o seu cargo por Macron em janeiro \u2013 representa a alian\u00e7a centrista Ensemble de Macron. Attal teria sido um dos \u00faltimos membros do c\u00edrculo \u00edntimo de Macron a saber que uma elei\u00e7\u00e3o antecipada era iminente.<\/p>\n\n\n\n<p>A vota\u00e7\u00e3o ser\u00e1 encerrada \u00e0s 20h (15h de Bras\u00edlia). As primeiras bocas de urna come\u00e7am a ser divulgadas assim que as urnas fecham.<\/p>\n\n\n\n<p>J\u00e1 os resultados completos s\u00e3o esperados na segunda-feira (1\u00ba).<\/p>\n","protected":false},"excerpt":{"rendered":"<p>Pesquisas apontam que pa\u00eds pode ter o chamado sistema de &#8221;coabita\u00e7\u00e3o&#8221;, quando presidente e primeiro-ministro t\u00eam ideologias diferentes Eleitores da&hellip;<\/p>\n","protected":false},"author":5,"featured_media":8314,"comment_status":"open","ping_status":"open","sticky":false,"template":"","format":"standard","meta":{"fifu_image_url":"","fifu_image_alt":"","footnotes":""},"categories":[1],"tags":[],"class_list":["post-8312","post","type-post","status-publish","format-standard","has-post-thumbnail","hentry","category-mundo"],"_links":{"self":[{"href":"https:\/\/sgvaimudar.com.br\/index.php\/wp-json\/wp\/v2\/posts\/8312","targetHints":{"allow":["GET"]}}],"collection":[{"href":"https:\/\/sgvaimudar.com.br\/index.php\/wp-json\/wp\/v2\/posts"}],"about":[{"href":"https:\/\/sgvaimudar.com.br\/index.php\/wp-json\/wp\/v2\/types\/post"}],"author":[{"embeddable":true,"href":"https:\/\/sgvaimudar.com.br\/index.php\/wp-json\/wp\/v2\/users\/5"}],"replies":[{"embeddable":true,"href":"https:\/\/sgvaimudar.com.br\/index.php\/wp-json\/wp\/v2\/comments?post=8312"}],"version-history":[{"count":1,"href":"https:\/\/sgvaimudar.com.br\/index.php\/wp-json\/wp\/v2\/posts\/8312\/revisions"}],"predecessor-version":[{"id":8315,"href":"https:\/\/sgvaimudar.com.br\/index.php\/wp-json\/wp\/v2\/posts\/8312\/revisions\/8315"}],"wp:featuredmedia":[{"embeddable":true,"href":"https:\/\/sgvaimudar.com.br\/index.php\/wp-json\/wp\/v2\/media\/8314"}],"wp:attachment":[{"href":"https:\/\/sgvaimudar.com.br\/index.php\/wp-json\/wp\/v2\/media?parent=8312"}],"wp:term":[{"taxonomy":"category","embeddable":true,"href":"https:\/\/sgvaimudar.com.br\/index.php\/wp-json\/wp\/v2\/categories?post=8312"},{"taxonomy":"post_tag","embeddable":true,"href":"https:\/\/sgvaimudar.com.br\/index.php\/wp-json\/wp\/v2\/tags?post=8312"}],"curies":[{"name":"wp","href":"https:\/\/api.w.org\/{rel}","templated":true}]}}