{"id":8305,"date":"2024-06-30T11:00:00","date_gmt":"2024-06-30T14:00:00","guid":{"rendered":"https:\/\/sgvaimudar.com.br\/?p=8305"},"modified":"2024-07-01T07:01:44","modified_gmt":"2024-07-01T10:01:44","slug":"prefeito-capitao-nelson-entrega-a-praca-da-lagoinha-e-totalmente-renovada","status":"publish","type":"post","link":"https:\/\/sgvaimudar.com.br\/index.php\/2024\/06\/30\/prefeito-capitao-nelson-entrega-a-praca-da-lagoinha-e-totalmente-renovada\/","title":{"rendered":"Prefeito Capit\u00e3o Nelson entrega a Pra\u00e7a da Lagoinha totalmente renovada"},"content":{"rendered":"\n<p>O s<em>\u00e1bado foi de festa com muitas brincadeiras e m\u00fasica de qualidade<\/em><\/p>\n\n\n\n<p>A Pra\u00e7a Vereador Josias dos Santos Muniz, a popular Pra\u00e7a da Lagoinha, foi reinaugurada e devolvida \u00e0 popula\u00e7\u00e3o, no fim da tarde deste s\u00e1bado (29), pelo prefeito Capit\u00e3o Nelson. O equipamento foi todo revitalizado pela Secretaria de Conserva\u00e7\u00e3o da Prefeitura de S\u00e3o Gon\u00e7alo e recebeu painel decorativo escolhido em uma consulta p\u00fablica atrav\u00e9s do Colab. A inaugura\u00e7\u00e3o contou com a Caravana de Arte e Lazer, desenvolvida pela Funda\u00e7\u00e3o de Artes, Esporte e Lazer de S\u00e3o Gon\u00e7alo (Faesg), e com a apresenta\u00e7\u00e3o da camerata da Orquestra Municipal, que animou o p\u00fablico.&nbsp;<\/p>\n\n\n\n<figure class=\"wp-block-image size-large\"><img fetchpriority=\"high\" decoding=\"async\" width=\"1024\" height=\"684\" src=\"https:\/\/sgvaimudar.com.br\/wp-content\/uploads\/2024\/06\/unnamed-3-21-1024x684.jpg\" alt=\"\" class=\"wp-image-8306\" srcset=\"https:\/\/sgvaimudar.com.br\/wp-content\/uploads\/2024\/06\/unnamed-3-21-1024x684.jpg 1024w, https:\/\/sgvaimudar.com.br\/wp-content\/uploads\/2024\/06\/unnamed-3-21-300x200.jpg 300w, https:\/\/sgvaimudar.com.br\/wp-content\/uploads\/2024\/06\/unnamed-3-21-768x513.jpg 768w, https:\/\/sgvaimudar.com.br\/wp-content\/uploads\/2024\/06\/unnamed-3-21-1536x1027.jpg 1536w, https:\/\/sgvaimudar.com.br\/wp-content\/uploads\/2024\/06\/unnamed-3-21.jpg 1616w\" sizes=\"(max-width: 1024px) 100vw, 1024px\" \/><\/figure>\n\n\n\n<p>\u201c\u00c9 uma satisfa\u00e7\u00e3o entregar mais um equipamento para a popula\u00e7\u00e3o. Agrade\u00e7o a todos que est\u00e3o se empenhando para a gente fazer esse trabalho em S\u00e3o Gon\u00e7alo. Acho important\u00edssimo porque estamos fazendo uma coisa para n\u00f3s. Sou morador, h\u00e1 mais de 60 anos, da Alzira Vargas. Eu, logo no in\u00edcio do governo, via os gon\u00e7alenses dizerem que tinham vergonha de ser morador de S\u00e3o Gon\u00e7alo. E n\u00f3s decidimos mudar a cidade, transformar. Diante de tudo que realizamos nesses tr\u00eas anos e meio de governo, a gente observa que o gon\u00e7alense est\u00e1 mais alegre e bate no peito para dizer que tem orgulho de ser gon\u00e7alense e \u00e9 isso que me d\u00e1 mais g\u00e1s. Estamos trabalhando muito para melhorar a vida das pessoas e vamos continuar\u201d, disse o prefeito Capit\u00e3o Nelson.<\/p>\n\n\n\n<p>&nbsp;&nbsp;&nbsp;&nbsp;&nbsp;Esta \u00e9 a 12\u00aa pra\u00e7a que recebeu o projeto Pra\u00e7a Renovada e conta com quadra poliesportiva, novos brinquedos para crian\u00e7as, bancos, canteiros e equipamentos para a academia dos idosos. O painel escolhido explora brincadeiras de ruas muito comuns antigamente, como carrinho de rolim\u00e3, brincadeira do taco, bambol\u00ea, pi\u00e3o e outras. O idealizador do painel foi o artista Marcelo Eco, curador do projeto Cidade Ilustrada, da Secretaria de Desenvolvimento Econ\u00f4mico da Prefeitura de S\u00e3o Gon\u00e7alo, e o desenho foi feito por 12 artistas.&nbsp;<\/p>\n\n\n\n<p>&nbsp;&nbsp;&nbsp;&nbsp;\u201cA cidade de S\u00e3o Gon\u00e7alo encontrou o seu caminho. O trabalho do prefeito Capit\u00e3o Nelson \u00e9 reconhecido em Bras\u00edlia. S\u00e3o Gon\u00e7alo \u00e9 a cidade que menos tem recurso por habitante e o Capit\u00e3o Nelson est\u00e1 fazendo essa revolu\u00e7\u00e3o. A gente tem trabalhado muito. N\u00f3s somos um time e ele est\u00e1 ganhando. Ainda tem muita coisa para acontecer em S\u00e3o Gon\u00e7alo. O que tem por vir ainda \u00e9 muito mais do que j\u00e1 fizemos at\u00e9 hoje\u201d, disse o deputado federal Altineu Cortes.&nbsp;&nbsp;<\/p>\n\n\n\n<p>&nbsp;&nbsp;&nbsp;&nbsp;&nbsp;O projeto Pra\u00e7a Renovada j\u00e1 foi conclu\u00eddo em 12 pra\u00e7as, beneficiando os moradores de 10 bairros: duas no Jardim Catarina, Boa\u00e7u, Coroado, Laranjal, Vila Tr\u00eas, Gradim, Rocha, J\u00f3quei, Ita\u00fana e Raul Veiga (Pra\u00e7a Chico Mendes) e, agora, Lagoinha. Outros cinco espa\u00e7os p\u00fablicos tamb\u00e9m recebem as melhorias. Dentre elas est\u00e1 a Pra\u00e7a do Coluband\u00ea, que ser\u00e1 entregue \u00e0 popula\u00e7\u00e3o neste domingo (30). Al\u00e9m do Coluband\u00ea, com obra que incluiu a requalifica\u00e7\u00e3o vi\u00e1ria da regi\u00e3o, realizada pela Secretaria de Transportes, tamb\u00e9m est\u00e3o em andamento interven\u00e7\u00f5es nas pra\u00e7as do Pontal, Porto do Rosa, Almerinda e Porto Velho.<\/p>\n\n\n\n<p>&nbsp;&nbsp;&nbsp;&nbsp;&nbsp;&nbsp;\u201cEstamos reunidos para entregar mais uma conquista para a popula\u00e7\u00e3o de S\u00e3o Gon\u00e7alo. \u00c9 muito importante entregar essa pra\u00e7a. Eu e meu irm\u00e3o fomos criados aqui e temos muitos amigos que estamos revendo hoje. \u00c9 muito gratificante para n\u00f3s celebrar essa conquista, fruto de um planejamento, de uni\u00e3o. Desde o in\u00edcio da gest\u00e3o do prefeito do Capit\u00e3o Nelson, ele defendeu um planejamento e fizemos o Plano Estrat\u00e9gico Novos Rumos para a gente ter um norte para a cidade. E, dentro do planejamento, n\u00f3s temos o eixo Cidade Bem Cuidada e Organizada, que tem o objetivo de reorganizar os espa\u00e7os p\u00fablicos. E \u00e9 isso que foi feito aqui. Quando o prefeito criou o Projeto Pra\u00e7a Renovada, o objetivo era entregar para as pessoas um espa\u00e7o com op\u00e7\u00e3o de lazer para receber toda a fam\u00edlia no bairro das pessoas\u201d, lembrou o secret\u00e1rio de Estado das Cidades, Douglas Ruas.<\/p>\n\n\n\n<p>&nbsp;&nbsp;&nbsp;&nbsp;&nbsp;&nbsp;A Pra\u00e7a da Lagoinha fica na Estrada do Pacheco, ao lado do Hospital do C\u00e2ncer e do Cora\u00e7\u00e3o (HCCOR) e da nova Cl\u00ednica Municipal Gon\u00e7alense da Lagoinha, que est\u00e1 em constru\u00e7\u00e3o. \u201c\u00c9 um prazer imenso estar com voc\u00eas e ver mais uma solicita\u00e7\u00e3o do nosso gabinete sendo atendida. \u00c9 indescrit\u00edvel estar aqui hoje e ver essa pra\u00e7a do jeito que est\u00e1. Era tudo que a gente queria desde o in\u00edcio do mandato e o prefeito Capit\u00e3o Nelson, com muita coragem, conseguiu executar. Uma obra de primeira e que a popula\u00e7\u00e3o que est\u00e1 aqui precisa tanto. Hoje, o prazer \u00e9 diferente. Os meus filhos est\u00e3o brincando. Ver que a pra\u00e7a ficou boa, bonita, bem elaborada, \u00e9 muito gratificante. S\u00f3 tenho a agradecer a gest\u00e3o do prefeito por tudo que tem realizado na cidade\u201d, disse o vereador Nelsinho Ruas.&nbsp;&nbsp;<\/p>\n\n\n\n<p>&nbsp;&nbsp;&nbsp;&nbsp;&nbsp;A Caravana de Arte e Lazer levou muita alegria, brincadeiras e atividades para a crian\u00e7ada, que brincou com personagens infantis e se divertiu com animadores em v\u00e1rias brincadeiras l\u00fadicas e nos brinquedos infl\u00e1veis (pula-pula, escorrega, cama el\u00e1stica, piscina de bolinhas e outros). Houve guerra de cotonetes, dan\u00e7a, oficinas de pintura e desenhos e pintura facial. Al\u00e9m das brincadeiras, os pequenos puderam se divertir se refrescando com \u00e1gua e guaran\u00e1 natural. E, para ficar ainda melhor, ainda teve cachorro-quente, pipoca e algod\u00e3o doce \u2013 tudo distribu\u00eddo gratuitamente.&nbsp;<\/p>\n","protected":false},"excerpt":{"rendered":"<p>O s\u00e1bado foi de festa com muitas brincadeiras e m\u00fasica de qualidade A Pra\u00e7a Vereador Josias dos Santos Muniz, a&hellip;<\/p>\n","protected":false},"author":5,"featured_media":8307,"comment_status":"open","ping_status":"open","sticky":false,"template":"","format":"standard","meta":{"fifu_image_url":"","fifu_image_alt":"","footnotes":""},"categories":[3],"tags":[],"class_list":["post-8305","post","type-post","status-publish","format-standard","has-post-thumbnail","hentry","category-sao-goncalo"],"_links":{"self":[{"href":"https:\/\/sgvaimudar.com.br\/index.php\/wp-json\/wp\/v2\/posts\/8305","targetHints":{"allow":["GET"]}}],"collection":[{"href":"https:\/\/sgvaimudar.com.br\/index.php\/wp-json\/wp\/v2\/posts"}],"about":[{"href":"https:\/\/sgvaimudar.com.br\/index.php\/wp-json\/wp\/v2\/types\/post"}],"author":[{"embeddable":true,"href":"https:\/\/sgvaimudar.com.br\/index.php\/wp-json\/wp\/v2\/users\/5"}],"replies":[{"embeddable":true,"href":"https:\/\/sgvaimudar.com.br\/index.php\/wp-json\/wp\/v2\/comments?post=8305"}],"version-history":[{"count":2,"href":"https:\/\/sgvaimudar.com.br\/index.php\/wp-json\/wp\/v2\/posts\/8305\/revisions"}],"predecessor-version":[{"id":8333,"href":"https:\/\/sgvaimudar.com.br\/index.php\/wp-json\/wp\/v2\/posts\/8305\/revisions\/8333"}],"wp:featuredmedia":[{"embeddable":true,"href":"https:\/\/sgvaimudar.com.br\/index.php\/wp-json\/wp\/v2\/media\/8307"}],"wp:attachment":[{"href":"https:\/\/sgvaimudar.com.br\/index.php\/wp-json\/wp\/v2\/media?parent=8305"}],"wp:term":[{"taxonomy":"category","embeddable":true,"href":"https:\/\/sgvaimudar.com.br\/index.php\/wp-json\/wp\/v2\/categories?post=8305"},{"taxonomy":"post_tag","embeddable":true,"href":"https:\/\/sgvaimudar.com.br\/index.php\/wp-json\/wp\/v2\/tags?post=8305"}],"curies":[{"name":"wp","href":"https:\/\/api.w.org\/{rel}","templated":true}]}}