{"id":8292,"date":"2024-06-30T08:25:51","date_gmt":"2024-06-30T11:25:51","guid":{"rendered":"https:\/\/sgvaimudar.com.br\/?p=8292"},"modified":"2024-06-30T08:25:51","modified_gmt":"2024-06-30T11:25:51","slug":"hospitais-federais-do-rio-vao-passar-por-reestruturacao-diz-ministra","status":"publish","type":"post","link":"https:\/\/sgvaimudar.com.br\/index.php\/2024\/06\/30\/hospitais-federais-do-rio-vao-passar-por-reestruturacao-diz-ministra\/","title":{"rendered":"Hospitais federais do Rio v\u00e3o passar por reestrutura\u00e7\u00e3o, diz ministra"},"content":{"rendered":"\n<p><em>Medidas devem ser apresentadas nas pr\u00f3ximas semanas<\/em><\/p>\n\n\n\n<p>Um programa de reestrutura\u00e7\u00e3o dos seis hospitais federais do Rio de Janeiro ser\u00e1 apresentado em breve pela ministra da Sa\u00fade, N\u00edsia Trindade. Segundo ela, as institui\u00e7\u00f5es j\u00e1 est\u00e3o com suas dire\u00e7\u00f5es constitu\u00eddas e foi montado um comit\u00ea gestor que est\u00e1 trabalhando nos problemas identificados.\u00a0<\/p>\n\n\n\n<p>O Minist\u00e9rio da Sa\u00fade fez parcerias com a prefeitura do Rio de Janeiro, com a Empresa Brasileira de Servi\u00e7os Hospitalares (Ebserh), a Funda\u00e7\u00e3o Oswaldo Cruz (Fiocruz) e o Grupo Hospitalar Concei\u00e7\u00e3o (GHC).<\/p>\n\n\n\n<p> \u201cEstamos trabalhando juntos para fortalecer os hospitais como unidades de refer\u00eancia no SUS [Sistema \u00danico de Sa\u00fade] Vamos apresentar mais medidas nas pr\u00f3ximas semanas\u201d, disse a ministra nesta sexta-feira (28), durante visita a unidades de sa\u00fade de Belford Roxo, na Baixada Fluminense.\u00a0<\/p>\n\n\n\n<p>A ministra refor\u00e7ou que o Minist\u00e9rio da Sa\u00fade est\u00e1 atento ao momento vivido pelos hospitais e que solu\u00e7\u00f5es de curto prazo j\u00e1 foram implementadas. <\/p>\n\n\n\n<p>\u201cEstamos atuando nos hospitais federais desde o ano passado, quando abrimos 300 leitos antes fechados e continuamos atentos para manter o abastecimento. Seguimos trabalhando para colocar os hospitais para funcionar e diminuir filas. Tenho conversado com o presidente Lula e essa \u00e9 uma prioridade do minist\u00e9rio\u201d, completou N\u00edsia.\u00a0<\/p>\n\n\n\n<p>N\u00edsia Trindade tamb\u00e9m visitou um centro especializado em atendimento a crian\u00e7as neuroat\u00edpicas, as obras de uma maternidade, um hospital oftalmol\u00f3gico, um hospital infantil, uma unidade de pronto atendimento (UPA) e um centro de fisioterapia, ortopedia e imagem.<\/p>\n\n\n\n<p><strong>ENTENDA \u2013<\/strong>&nbsp;A corrup\u00e7\u00e3o nas unidades de sa\u00fade federais do Rio apareceu na m\u00eddia, com a exonera\u00e7\u00e3o do diretor do Departamento de Gest\u00e3o Hospitalar (DGH), Alexandre Telles, indicado pelo deputado Federal Dimas Gadelha (PT-RJ), ap\u00f3s uma investiga\u00e7\u00e3o do Fant\u00e1stico (Rede Globo).<\/p>\n\n\n\n<p>Desde maio de 2023, den\u00fancias sobre corrup\u00e7\u00e3o nos Hospitais Federais t\u00eam sido veiculadas pelo RJTV e RJ2 da TV Globo, apontando para a nomea\u00e7\u00e3o de pessoas ligadas ao deputado Dimas Gadelha (PT) em cargos-chave, muitos deles de S\u00e3o Gon\u00e7alo, al\u00e9m da nomea\u00e7\u00e3o do advogado particular de Dimas, Gildo Souza.<\/p>\n\n\n\n<p>Al\u00e9m do favorecimento pol\u00edtico, testemunhas relatam a instala\u00e7\u00e3o de uma porta ac\u00fastica no gabinete do diretor Abel Martinez para representantes comerciais e fornecedores, exigindo pagamentos e cria\u00e7\u00e3o de vagas dentro das empresas contratadas.<\/p>\n\n\n\n<p>Tamb\u00e9m h\u00e1 influ\u00eancia pol\u00edtica nos hospitais de Bom Sucesso e Andara\u00ed, onde o m\u00e9dico Jefferson Antunes Gomes, ligado a Dimas Gadelha desde sua gest\u00e3o na Secretaria de Sa\u00fade de S\u00e3o Gon\u00e7alo, ocupa um cargo importante.<\/p>\n\n\n\n<p>Documentos revelaram que cinco pacientes morreram por falta de atendimento adequado no Hospital Federal de Bonsucesso, enquanto o Hospital do Andara\u00ed enfrenta problemas como cirurgias suspensas, leitos fechados e o sumi\u00e7o de equipamentos m\u00e9dicos valiosos, incluindo um tom\u00f3grafo de R$ 1 milh\u00e3o e um raio-x de R$ 3 milh\u00f5es.<\/p>\n","protected":false},"excerpt":{"rendered":"<p>Medidas devem ser apresentadas nas pr\u00f3ximas semanas Um programa de reestrutura\u00e7\u00e3o dos seis hospitais federais do Rio de Janeiro ser\u00e1&hellip;<\/p>\n","protected":false},"author":5,"featured_media":8293,"comment_status":"open","ping_status":"open","sticky":false,"template":"","format":"standard","meta":{"fifu_image_url":"","fifu_image_alt":"","footnotes":""},"categories":[7],"tags":[],"class_list":["post-8292","post","type-post","status-publish","format-standard","has-post-thumbnail","hentry","category-saude"],"_links":{"self":[{"href":"https:\/\/sgvaimudar.com.br\/index.php\/wp-json\/wp\/v2\/posts\/8292","targetHints":{"allow":["GET"]}}],"collection":[{"href":"https:\/\/sgvaimudar.com.br\/index.php\/wp-json\/wp\/v2\/posts"}],"about":[{"href":"https:\/\/sgvaimudar.com.br\/index.php\/wp-json\/wp\/v2\/types\/post"}],"author":[{"embeddable":true,"href":"https:\/\/sgvaimudar.com.br\/index.php\/wp-json\/wp\/v2\/users\/5"}],"replies":[{"embeddable":true,"href":"https:\/\/sgvaimudar.com.br\/index.php\/wp-json\/wp\/v2\/comments?post=8292"}],"version-history":[{"count":1,"href":"https:\/\/sgvaimudar.com.br\/index.php\/wp-json\/wp\/v2\/posts\/8292\/revisions"}],"predecessor-version":[{"id":8294,"href":"https:\/\/sgvaimudar.com.br\/index.php\/wp-json\/wp\/v2\/posts\/8292\/revisions\/8294"}],"wp:featuredmedia":[{"embeddable":true,"href":"https:\/\/sgvaimudar.com.br\/index.php\/wp-json\/wp\/v2\/media\/8293"}],"wp:attachment":[{"href":"https:\/\/sgvaimudar.com.br\/index.php\/wp-json\/wp\/v2\/media?parent=8292"}],"wp:term":[{"taxonomy":"category","embeddable":true,"href":"https:\/\/sgvaimudar.com.br\/index.php\/wp-json\/wp\/v2\/categories?post=8292"},{"taxonomy":"post_tag","embeddable":true,"href":"https:\/\/sgvaimudar.com.br\/index.php\/wp-json\/wp\/v2\/tags?post=8292"}],"curies":[{"name":"wp","href":"https:\/\/api.w.org\/{rel}","templated":true}]}}