{"id":8244,"date":"2024-06-29T09:37:22","date_gmt":"2024-06-29T12:37:22","guid":{"rendered":"https:\/\/sgvaimudar.com.br\/?p=8244"},"modified":"2024-06-29T09:37:23","modified_gmt":"2024-06-29T12:37:23","slug":"nova-praca-da-lagoinha-sera-inaugurada-neste-sabado-29","status":"publish","type":"post","link":"https:\/\/sgvaimudar.com.br\/index.php\/2024\/06\/29\/nova-praca-da-lagoinha-sera-inaugurada-neste-sabado-29\/","title":{"rendered":"Nova Pra\u00e7a da Lagoinha ser\u00e1 inaugurada neste s\u00e1bado (29)"},"content":{"rendered":"\n<p><em>Local foi revitalizado pela Prefeitura de S\u00e3o Gon\u00e7alo<\/em><\/p>\n\n\n\n<p>A popula\u00e7\u00e3o do bairro da Lagoinha poder\u00e1 desfrutar da nova pra\u00e7a do bairro, que foi revitalizada pela Secretaria de Conserva\u00e7\u00e3o da Prefeitura de S\u00e3o Gon\u00e7alo, a partir deste s\u00e1bado (29), quando a pra\u00e7a ser\u00e1 inaugurada em uma cerim\u00f4nia que ter\u00e1 in\u00edcio \u00e0s 15h, com a presen\u00e7a do prefeito Capit\u00e3o Nelson. A \u00e1rea de lazer ter\u00e1 novos brinquedos e equipamentos para a academia do idoso.<\/p>\n\n\n\n<p>O evento de inaugura\u00e7\u00e3o contar\u00e1 tamb\u00e9m com a presen\u00e7a da Caravana de Arte e Lazer, desenvolvida pela Funda\u00e7\u00e3o de Artes, Esporte e Lazer de S\u00e3o Gon\u00e7alo (Faesg), que levar\u00e1 brincadeiras e guloseimas para as crian\u00e7as.<\/p>\n\n\n\n<p>A Pra\u00e7a Vereador Josias dos Santos Muniz, mais conhecida como Pra\u00e7a da Lagoinha, foi revitalizada pelo projeto Pra\u00e7a Renovada. No novo espa\u00e7o, foi constru\u00edda uma quadra poliesportiva, al\u00e9m de bancos e canteiros.<\/p>\n\n\n\n<p>No local, tamb\u00e9m foi feito um painel decorativo, cujo desenho foi escolhido, atrav\u00e9s de uma consulta p\u00fablica no Colab, pela popula\u00e7\u00e3o de S\u00e3o Gon\u00e7alo. Os desenhos do painel escolhido exploram brincadeiras de ruas muito comuns antigamente, como carrinho de rolim\u00e3, brincadeira do taco, bambol\u00ea, pi\u00e3o. A arte foi idealizada por Marcelo Eco e desenvolvida pelos artistas do projeto Cidade Ilustrada, da Secretaria de Desenvolvimento Econ\u00f4mico da Prefeitura de S\u00e3o Gon\u00e7alo.<\/p>\n\n\n\n<p>A nova Pra\u00e7a da Lagoinha fica na Estrada do Pacheco, ao lado do HCCOR e da nova Cl\u00ednica da Lagoinha.<\/p>\n\n\n\n<p>O projeto Pra\u00e7a Renovada j\u00e1 foi conclu\u00eddo em 11 pra\u00e7as, sendo duas no Jardim Catarina, uma no Boa\u00e7u, uma no Coroado, uma no Laranjal, uma no Vila Tr\u00eas, uma no Gradim, uma no Rocha, uma no J\u00f3quei, uma em Ita\u00fana e a Pra\u00e7a Chico Mendes. Tamb\u00e9m est\u00e3o em andamento interven\u00e7\u00f5es na Pra\u00e7a do Coluband\u00ea (feita pela Secretaria de Transportes), Pontal, Porto do Rosa, Bairro Almerinda e Porto Velho.<\/p>\n","protected":false},"excerpt":{"rendered":"<p>Local foi revitalizado pela Prefeitura de S\u00e3o Gon\u00e7alo A popula\u00e7\u00e3o do bairro da Lagoinha poder\u00e1 desfrutar da nova pra\u00e7a do&hellip;<\/p>\n","protected":false},"author":5,"featured_media":8245,"comment_status":"open","ping_status":"open","sticky":false,"template":"","format":"standard","meta":{"fifu_image_url":"","fifu_image_alt":"","footnotes":""},"categories":[3],"tags":[],"class_list":["post-8244","post","type-post","status-publish","format-standard","has-post-thumbnail","hentry","category-sao-goncalo"],"_links":{"self":[{"href":"https:\/\/sgvaimudar.com.br\/index.php\/wp-json\/wp\/v2\/posts\/8244","targetHints":{"allow":["GET"]}}],"collection":[{"href":"https:\/\/sgvaimudar.com.br\/index.php\/wp-json\/wp\/v2\/posts"}],"about":[{"href":"https:\/\/sgvaimudar.com.br\/index.php\/wp-json\/wp\/v2\/types\/post"}],"author":[{"embeddable":true,"href":"https:\/\/sgvaimudar.com.br\/index.php\/wp-json\/wp\/v2\/users\/5"}],"replies":[{"embeddable":true,"href":"https:\/\/sgvaimudar.com.br\/index.php\/wp-json\/wp\/v2\/comments?post=8244"}],"version-history":[{"count":1,"href":"https:\/\/sgvaimudar.com.br\/index.php\/wp-json\/wp\/v2\/posts\/8244\/revisions"}],"predecessor-version":[{"id":8246,"href":"https:\/\/sgvaimudar.com.br\/index.php\/wp-json\/wp\/v2\/posts\/8244\/revisions\/8246"}],"wp:featuredmedia":[{"embeddable":true,"href":"https:\/\/sgvaimudar.com.br\/index.php\/wp-json\/wp\/v2\/media\/8245"}],"wp:attachment":[{"href":"https:\/\/sgvaimudar.com.br\/index.php\/wp-json\/wp\/v2\/media?parent=8244"}],"wp:term":[{"taxonomy":"category","embeddable":true,"href":"https:\/\/sgvaimudar.com.br\/index.php\/wp-json\/wp\/v2\/categories?post=8244"},{"taxonomy":"post_tag","embeddable":true,"href":"https:\/\/sgvaimudar.com.br\/index.php\/wp-json\/wp\/v2\/tags?post=8244"}],"curies":[{"name":"wp","href":"https:\/\/api.w.org\/{rel}","templated":true}]}}