{"id":8221,"date":"2024-06-28T20:00:00","date_gmt":"2024-06-28T23:00:00","guid":{"rendered":"https:\/\/sgvaimudar.com.br\/?p=8221"},"modified":"2024-06-28T10:24:41","modified_gmt":"2024-06-28T13:24:41","slug":"idosos-curtem-momento-musical-salvatori-no-teatro-municipal","status":"publish","type":"post","link":"https:\/\/sgvaimudar.com.br\/index.php\/2024\/06\/28\/idosos-curtem-momento-musical-salvatori-no-teatro-municipal\/","title":{"rendered":"Idosos curtem Momento Musical Salvatori no Teatro Municipal\u00a0"},"content":{"rendered":"\n<p><em>Projeto promove seresta ao grande p\u00fablico de forma acess\u00edvel e gratuita<\/em><\/p>\n\n\n\n<p>Mais de 50 idosos foram embalados por can\u00e7\u00f5es que celebram o saudosismo dos tempos de ouro da m\u00fasica brasileira no Momento Musical Salvatori, que ocorreu nesta manh\u00e3 de quinta-feira (27), no hall do Teatro Municipal de S\u00e3o Gon\u00e7alo. O projeto tem como objetivo oferecer seresta ao grande p\u00fablico de forma acess\u00edvel e gratuita na regi\u00e3o central de S\u00e3o Gon\u00e7alo.<\/p>\n\n\n\n<p>O evento tem o apoio da Secretaria de Turismo e Cultura da Prefeitura de S\u00e3o Gon\u00e7alo, que visa valorizar artistas locais em seus projetos.<\/p>\n\n\n\n<p>Al\u00e9m dos mais de 30 artistas que cantaram no microfone durante o evento, uma banda com m\u00fasicos da terceira idade, que tocaram bateria, viol\u00e3o, cavaquinho, pandeiro e bumbo, tamb\u00e9m foi destaque.<\/p>\n\n\n\n<p>Maria Ant\u00f4nia Nunes de Azevedo, mais conhecida como Ant\u00f4nia, embalou a festa ao cantar as m\u00fasicas &#8216;Noites Trai\u00e7oeiras&#8217; e &#8216;Bijuteria&#8217;. Ela tamb\u00e9m \u00e9 coordenadora do Momento Musical Salvatori.<\/p>\n\n\n\n<p>&#8220;Essa seresta come\u00e7ou com apenas seis pessoas no Centro de S\u00e3o Gon\u00e7alo cantando e tocando cavaquinho e hoje estamos aqui no Teatro. Estou muito feliz de estar aqui e de ter o apoio da Secretaria de Turismo e Cultura da Prefeitura. \u00c9 um evento que ocorre uma vez por m\u00eas e vem animando os idosos das mais diversas idades&#8221;, disse.<\/p>\n\n\n\n<p>O Momento Musical Salvatori foi criado h\u00e1 mais de 15 anos por Assueres Barbosa e Josias \u00c1vila, com a ideia de promover a seresta de maneira gratuita e acess\u00edvel no Centro de S\u00e3o Gon\u00e7alo.<\/p>\n\n\n\n<p>Uma das pessoas que cantou durante o evento foi Valdenir Castro Filho, mais conhecido como Mano. Animado, ele demonstrou estar feliz com sua apresenta\u00e7\u00e3o. &#8220;Eu cantei a m\u00fasica &#8216;O Que Eu Fa\u00e7o Amanh\u00e3?&#8217;, de Alcione, e gosto muito de me apresentar aqui no Teatro durante esse evento, venho sempre que posso. Quero agradecer ao apoio da Maria Ant\u00f4nia tamb\u00e9m e dos m\u00fasicos da banda, que fazem toda a diferen\u00e7a&#8221;, disse.<\/p>\n\n\n\n<p>O Momento Musical Salvatori ocorre na \u00faltima quinta-feira de cada m\u00eas. A entrada \u00e9 gratuita. No final de setembro, ser\u00e1 feito um evento em celebra\u00e7\u00e3o ao Dia Nacional do Idoso, comemorado no dia 1\u00ba de outubro.&nbsp;<\/p>\n\n\n\n<p><em>Fotos: Fabio Guimar\u00e3es<\/em><\/p>\n","protected":false},"excerpt":{"rendered":"<p>Projeto promove seresta ao grande p\u00fablico de forma acess\u00edvel e gratuita Mais de 50 idosos foram embalados por can\u00e7\u00f5es que&hellip;<\/p>\n","protected":false},"author":5,"featured_media":8222,"comment_status":"open","ping_status":"open","sticky":false,"template":"","format":"standard","meta":{"fifu_image_url":"","fifu_image_alt":"","footnotes":""},"categories":[6],"tags":[],"class_list":["post-8221","post","type-post","status-publish","format-standard","has-post-thumbnail","hentry","category-entretenimento"],"_links":{"self":[{"href":"https:\/\/sgvaimudar.com.br\/index.php\/wp-json\/wp\/v2\/posts\/8221","targetHints":{"allow":["GET"]}}],"collection":[{"href":"https:\/\/sgvaimudar.com.br\/index.php\/wp-json\/wp\/v2\/posts"}],"about":[{"href":"https:\/\/sgvaimudar.com.br\/index.php\/wp-json\/wp\/v2\/types\/post"}],"author":[{"embeddable":true,"href":"https:\/\/sgvaimudar.com.br\/index.php\/wp-json\/wp\/v2\/users\/5"}],"replies":[{"embeddable":true,"href":"https:\/\/sgvaimudar.com.br\/index.php\/wp-json\/wp\/v2\/comments?post=8221"}],"version-history":[{"count":1,"href":"https:\/\/sgvaimudar.com.br\/index.php\/wp-json\/wp\/v2\/posts\/8221\/revisions"}],"predecessor-version":[{"id":8223,"href":"https:\/\/sgvaimudar.com.br\/index.php\/wp-json\/wp\/v2\/posts\/8221\/revisions\/8223"}],"wp:featuredmedia":[{"embeddable":true,"href":"https:\/\/sgvaimudar.com.br\/index.php\/wp-json\/wp\/v2\/media\/8222"}],"wp:attachment":[{"href":"https:\/\/sgvaimudar.com.br\/index.php\/wp-json\/wp\/v2\/media?parent=8221"}],"wp:term":[{"taxonomy":"category","embeddable":true,"href":"https:\/\/sgvaimudar.com.br\/index.php\/wp-json\/wp\/v2\/categories?post=8221"},{"taxonomy":"post_tag","embeddable":true,"href":"https:\/\/sgvaimudar.com.br\/index.php\/wp-json\/wp\/v2\/tags?post=8221"}],"curies":[{"name":"wp","href":"https:\/\/api.w.org\/{rel}","templated":true}]}}