{"id":8166,"date":"2024-06-27T10:53:16","date_gmt":"2024-06-27T13:53:16","guid":{"rendered":"https:\/\/sgvaimudar.com.br\/?p=8166"},"modified":"2024-07-01T07:25:17","modified_gmt":"2024-07-01T10:25:17","slug":"pdt-pode-lancar-pre-candidato-a-prefeito-em-sao-goncalo","status":"publish","type":"post","link":"https:\/\/sgvaimudar.com.br\/index.php\/2024\/06\/27\/pdt-pode-lancar-pre-candidato-a-prefeito-em-sao-goncalo\/","title":{"rendered":"PDT pode lan\u00e7ar pr\u00e9-candidato a prefeito em S\u00e3o Gon\u00e7alo"},"content":{"rendered":"\n<p><em>Alian\u00e7a entre PDT e PT em S\u00e3o Gon\u00e7alo, em torno da candidatura do petista Dimas Gadelha, poder\u00e1 ser rompida<\/em><\/p>\n\n\n\n<p>A Caravana Eleitoral do PDT, tendo \u00e0 frente o presidente municipal do PDT de S\u00e3o Gon\u00e7alo, Brizola Neto, a ex-prefeita Aparecida Panisset e o ex-deputado federal Dejorge Patr\u00edcio, al\u00e9m do ex-prefeito Jo\u00e3o Bravo, pode lan\u00e7ar as pr\u00e9-candidaturas do PDT a prefeito e vice-prefeito do munic\u00edpio.<\/p>\n\n\n\n<p>A informa\u00e7\u00e3o foi comprovada em edi\u00e7\u00e3o impressa de junho do jornal niteroiense Toda Palavra, que traz, como mat\u00e9ria de capa, a not\u00edcia de que a alian\u00e7a entre PDT e PT em S\u00e3o Gon\u00e7alo, em torno da candidatura do petista Dimas Gadelha, poder\u00e1 ser rompida, com o lan\u00e7amento de uma candidatura pr\u00f3pria dos trabalhistas contra o candidato bolsonarista \u00e0 reelei\u00e7\u00e3o, Capit\u00e3o Nelson.<\/p>\n\n\n\n<p id=\"viewer-cxcef121\">Segundo o peri\u00f3dico, no 70\u00b0 ano do anivers\u00e1rio de morte de Get\u00falio Vargas (1954) e 20\u00b0 de Leonel Brizola (2004), a estrat\u00e9gia trabalhista para as elei\u00e7\u00f5es municipais em Niter\u00f3i e S\u00e3o Gon\u00e7alo j\u00e1 est\u00e1 quase definida. A chapa do PDT em Niter\u00f3i foi fechada com a pr\u00e9-candidatura para o retorno de Rodrigo Neves \u00e0 cadeira de prefeito e da novata Isabel Swan, do PV, como sua vice.<\/p>\n\n\n\n<p id=\"viewer-0mybf113\">Em S\u00e3o Gon\u00e7alo, tudo parecia certo, com o apoio do partido ao deputado federal Dimas Gadelha, do PT, com a possibilidade de indica\u00e7\u00e3o de um representante pedetista como candidato a vice. <\/p>\n\n\n\n<p id=\"viewer-0mybf113\">No entanto, fontes trabalhistas ouvidas pelo jornal j\u00e1 consideram o lan\u00e7amento de uma candidatura pr\u00f3pria na segunda maior cidade do estado em popula\u00e7\u00e3o, de forte tradi\u00e7\u00e3o trabalhista, por conta do profundo constrangimento causado pela forma pouco hospitaleira como os pedetistas foram tratados na festa de lan\u00e7amento da pr\u00e9-candidatura de Dimas, sexta-feira, 21 de junho, no Clube Mau\u00e1.<\/p>\n\n\n\n<p id=\"viewer-l368y3329\">Ao contr\u00e1rio do que aconteceu durante os discursos dos representantes petistas, a bateria que animava o p\u00fablico nos intervalos dos oradores resolveu abafar a fala da deputada estadual e presidente regional do partido, Martha Rocha, justamente no momento em que lembrava o anivers\u00e1rio de morte do l\u00edder trabalhista e ex-governador Leonel Brizola, sem qualquer interven\u00e7\u00e3o dos organizadores para impedir a batucada deseducada.<\/p>\n\n\n\n<p id=\"viewer-5r727117\">De acordo o Toda Palavra, o ponto alto da descortesia, na opini\u00e3o dos trabalhistas, foi a indiferen\u00e7a em rela\u00e7\u00e3o ao ex-ministro do Trabalho e atual presidente do Diret\u00f3rio Municipal do PDT em S\u00e3o Gon\u00e7alo, Carlos Brizola Neto, que deixou de estar naquele mesmo dia em S\u00e3o Borja, ber\u00e7o do Trabalhismo ga\u00facho, onde foram prestadas as homenagens pelos 20 anos de morte do seu av\u00f4, para poder comparecer ao ato de apoio a Dimas. Brizola Neto, acomodado pela organiza\u00e7\u00e3o em uma das fileiras do fundo do palco, saiu sem poder se manifestar durante o evento petista.<\/p>\n\n\n\n<p id=\"viewer-97489119\">&#8220;Al\u00e9m do peso do trabalhismo em S\u00e3o Gon\u00e7alo, o PDT tem quadros capazes de influir de forma importante na correla\u00e7\u00e3o de for\u00e7as pol\u00edticas do munic\u00edpio no caso de uma candidatura pr\u00f3pria. O assunto, por\u00e9m, ainda \u00e9 pass\u00edvel de discuss\u00f5es internas e da eventualidade de um gesto de desagravo dos petistas capaz de abrandar os \u00e2nimos trabalhistas&#8221;, afirmou o jornal no texto.<\/p>\n","protected":false},"excerpt":{"rendered":"<p>Alian\u00e7a entre PDT e PT em S\u00e3o Gon\u00e7alo, em torno da candidatura do petista Dimas Gadelha, poder\u00e1 ser rompida A&hellip;<\/p>\n","protected":false},"author":5,"featured_media":8167,"comment_status":"open","ping_status":"open","sticky":false,"template":"","format":"standard","meta":{"fifu_image_url":"","fifu_image_alt":"","footnotes":""},"categories":[3],"tags":[],"class_list":["post-8166","post","type-post","status-publish","format-standard","has-post-thumbnail","hentry","category-sao-goncalo"],"_links":{"self":[{"href":"https:\/\/sgvaimudar.com.br\/index.php\/wp-json\/wp\/v2\/posts\/8166","targetHints":{"allow":["GET"]}}],"collection":[{"href":"https:\/\/sgvaimudar.com.br\/index.php\/wp-json\/wp\/v2\/posts"}],"about":[{"href":"https:\/\/sgvaimudar.com.br\/index.php\/wp-json\/wp\/v2\/types\/post"}],"author":[{"embeddable":true,"href":"https:\/\/sgvaimudar.com.br\/index.php\/wp-json\/wp\/v2\/users\/5"}],"replies":[{"embeddable":true,"href":"https:\/\/sgvaimudar.com.br\/index.php\/wp-json\/wp\/v2\/comments?post=8166"}],"version-history":[{"count":1,"href":"https:\/\/sgvaimudar.com.br\/index.php\/wp-json\/wp\/v2\/posts\/8166\/revisions"}],"predecessor-version":[{"id":8168,"href":"https:\/\/sgvaimudar.com.br\/index.php\/wp-json\/wp\/v2\/posts\/8166\/revisions\/8168"}],"wp:featuredmedia":[{"embeddable":true,"href":"https:\/\/sgvaimudar.com.br\/index.php\/wp-json\/wp\/v2\/media\/8167"}],"wp:attachment":[{"href":"https:\/\/sgvaimudar.com.br\/index.php\/wp-json\/wp\/v2\/media?parent=8166"}],"wp:term":[{"taxonomy":"category","embeddable":true,"href":"https:\/\/sgvaimudar.com.br\/index.php\/wp-json\/wp\/v2\/categories?post=8166"},{"taxonomy":"post_tag","embeddable":true,"href":"https:\/\/sgvaimudar.com.br\/index.php\/wp-json\/wp\/v2\/tags?post=8166"}],"curies":[{"name":"wp","href":"https:\/\/api.w.org\/{rel}","templated":true}]}}