{"id":8162,"date":"2024-06-27T14:00:00","date_gmt":"2024-06-27T17:00:00","guid":{"rendered":"https:\/\/sgvaimudar.com.br\/?p=8162"},"modified":"2024-06-27T10:30:31","modified_gmt":"2024-06-27T13:30:31","slug":"prefeitura-e-comerciantes-da-praia-das-pedrinhas-debatem-desenvolvimento-local","status":"publish","type":"post","link":"https:\/\/sgvaimudar.com.br\/index.php\/2024\/06\/27\/prefeitura-e-comerciantes-da-praia-das-pedrinhas-debatem-desenvolvimento-local\/","title":{"rendered":"Prefeitura e comerciantes da Praia das Pedrinhas debatem desenvolvimento local"},"content":{"rendered":"\n<p><em>Empres\u00e1rios ser\u00e3o capacitados para futura revitaliza\u00e7\u00e3o que ser\u00e1 realizada<\/em><\/p>\n\n\n\n<p>Comerciantes da Praia das Pedrinhas e do setor naval tiveram uma reuni\u00e3o, na manh\u00e3 desta ter\u00e7a-feira (11), com a Secretaria de Desenvolvimento Econ\u00f4mico e o Sebrae-RJ, para debater o desenvolvimento da regi\u00e3o, atrav\u00e9s do Projeto Economia do Mar para os Pequenos Neg\u00f3cios Fluminenses. Esse \u00e9 o segundo encontro com os comerciantes locais. O primeiro foi realizado em outubro do ano passado.<\/p>\n\n\n\n<p>A partir de julho, ser\u00e3o realizadas oficinas de capacita\u00e7\u00e3o com os comerciantes da Praia das Pedrinhas, de qualifica\u00e7\u00e3o ao empresariado, j\u00e1 em prepara\u00e7\u00e3o para a revitaliza\u00e7\u00e3o prevista para o local.<\/p>\n\n\n\n<p>A revitaliza\u00e7\u00e3o da Praia das Pedrinhas \u00e9 um projeto desenvolvido pela Secretaria Municipal de Gest\u00e3o Integrada e Projetos Especiais de S\u00e3o Gon\u00e7alo, viabilizado atrav\u00e9s de recursos federais, por meio de emenda parlamentar e tamb\u00e9m com recursos do Plano Estrat\u00e9gico Novos Rumos.<\/p>\n\n\n\n<p>\u201cAl\u00e9m dessas novidades para o desenvolvimento da regi\u00e3o, a Secretaria de Desenvolvimento Econ\u00f4mico tamb\u00e9m est\u00e1 organizando junto aos comerciantes um festival gastron\u00f4mico para a Praia das Pedrinhas, que deve ser realizado no m\u00eas de dezembro\u201d, contou o secret\u00e1rio de Desenvolvimento Econ\u00f4mico, Eug\u00eanio Abreu.<\/p>\n\n\n\n<p>O Projeto Economia do Mar para os Pequenos Neg\u00f3cios Fluminenses \u00e9 realizado em toda a regi\u00e3o litor\u00e2nea do Estado do Rio de Janeiro, usando pontos fortes da economia local, como artesanato, culin\u00e1ria e a plasticidade da orla da Praia das Pedrinhas.<\/p>\n\n\n\n<p>O objetivo \u00e9 desenvolver a Praia das Pedrinhas, valorizando o potencial do local, transformando-o em um produto atrativo aos visitantes atrav\u00e9s do marketing e mudan\u00e7as na infraestrutura, com a uni\u00e3o entre comerciantes.<\/p>\n","protected":false},"excerpt":{"rendered":"<p>Empres\u00e1rios ser\u00e3o capacitados para futura revitaliza\u00e7\u00e3o que ser\u00e1 realizada Comerciantes da Praia das Pedrinhas e do setor naval tiveram uma&hellip;<\/p>\n","protected":false},"author":5,"featured_media":8163,"comment_status":"open","ping_status":"open","sticky":false,"template":"","format":"standard","meta":{"fifu_image_url":"","fifu_image_alt":"","footnotes":""},"categories":[3],"tags":[],"class_list":["post-8162","post","type-post","status-publish","format-standard","has-post-thumbnail","hentry","category-sao-goncalo"],"_links":{"self":[{"href":"https:\/\/sgvaimudar.com.br\/index.php\/wp-json\/wp\/v2\/posts\/8162","targetHints":{"allow":["GET"]}}],"collection":[{"href":"https:\/\/sgvaimudar.com.br\/index.php\/wp-json\/wp\/v2\/posts"}],"about":[{"href":"https:\/\/sgvaimudar.com.br\/index.php\/wp-json\/wp\/v2\/types\/post"}],"author":[{"embeddable":true,"href":"https:\/\/sgvaimudar.com.br\/index.php\/wp-json\/wp\/v2\/users\/5"}],"replies":[{"embeddable":true,"href":"https:\/\/sgvaimudar.com.br\/index.php\/wp-json\/wp\/v2\/comments?post=8162"}],"version-history":[{"count":1,"href":"https:\/\/sgvaimudar.com.br\/index.php\/wp-json\/wp\/v2\/posts\/8162\/revisions"}],"predecessor-version":[{"id":8164,"href":"https:\/\/sgvaimudar.com.br\/index.php\/wp-json\/wp\/v2\/posts\/8162\/revisions\/8164"}],"wp:featuredmedia":[{"embeddable":true,"href":"https:\/\/sgvaimudar.com.br\/index.php\/wp-json\/wp\/v2\/media\/8163"}],"wp:attachment":[{"href":"https:\/\/sgvaimudar.com.br\/index.php\/wp-json\/wp\/v2\/media?parent=8162"}],"wp:term":[{"taxonomy":"category","embeddable":true,"href":"https:\/\/sgvaimudar.com.br\/index.php\/wp-json\/wp\/v2\/categories?post=8162"},{"taxonomy":"post_tag","embeddable":true,"href":"https:\/\/sgvaimudar.com.br\/index.php\/wp-json\/wp\/v2\/tags?post=8162"}],"curies":[{"name":"wp","href":"https:\/\/api.w.org\/{rel}","templated":true}]}}