{"id":8158,"date":"2024-06-27T12:00:00","date_gmt":"2024-06-27T15:00:00","guid":{"rendered":"https:\/\/sgvaimudar.com.br\/?p=8158"},"modified":"2024-06-27T10:27:56","modified_gmt":"2024-06-27T13:27:56","slug":"mes-de-julho-tem-cenario-cultural-movimentado-em-sao-goncalo","status":"publish","type":"post","link":"https:\/\/sgvaimudar.com.br\/index.php\/2024\/06\/27\/mes-de-julho-tem-cenario-cultural-movimentado-em-sao-goncalo\/","title":{"rendered":"M\u00eas de julho tem cen\u00e1rio cultural movimentado em S\u00e3o Gon\u00e7alo"},"content":{"rendered":"\n<p><em>Atra\u00e7\u00f5es para todos os gostos ser\u00e3o oferecidas em diferentes equipamentos\u00a0<\/em><\/p>\n\n\n\n<p>O m\u00eas de julho ser\u00e1 de muitas atra\u00e7\u00f5es culturais em S\u00e3o Gon\u00e7alo, com eventos e apresenta\u00e7\u00f5es para agradar a todos os p\u00fablicos. Al\u00e9m de uma programa\u00e7\u00e3o extensa no Teatro Municipal, com v\u00e1rias atra\u00e7\u00f5es gratuitas, tamb\u00e9m ser\u00e1 destaque um workshop ligado \u00e0 exposi\u00e7\u00e3o Quintess\u00eancia, que acontece na Casa das Artes.<\/p>\n\n\n\n<figure class=\"wp-block-image size-large\"><img fetchpriority=\"high\" decoding=\"async\" width=\"1024\" height=\"697\" src=\"https:\/\/sgvaimudar.com.br\/wp-content\/uploads\/2024\/06\/unnamed-3-18-1024x697.jpg\" alt=\"\" class=\"wp-image-8159\" srcset=\"https:\/\/sgvaimudar.com.br\/wp-content\/uploads\/2024\/06\/unnamed-3-18-1024x697.jpg 1024w, https:\/\/sgvaimudar.com.br\/wp-content\/uploads\/2024\/06\/unnamed-3-18-300x204.jpg 300w, https:\/\/sgvaimudar.com.br\/wp-content\/uploads\/2024\/06\/unnamed-3-18-768x523.jpg 768w, https:\/\/sgvaimudar.com.br\/wp-content\/uploads\/2024\/06\/unnamed-3-18-1536x1045.jpg 1536w, https:\/\/sgvaimudar.com.br\/wp-content\/uploads\/2024\/06\/unnamed-3-18.jpg 1599w\" sizes=\"(max-width: 1024px) 100vw, 1024px\" \/><\/figure>\n\n\n\n<p>No dia 1\u00ba de julho, o humorista Jeffinho Farias se apresenta, \u00e0s 20h, no Teatro Municipal de S\u00e3o Gon\u00e7alo, com o show \u2018Ponto de Vista\u2019, que j\u00e1 teve os ingressos esgotados. No espet\u00e1culo, Jeffinho Farias revela hist\u00f3rias hilariantes da vida de um cego, compartilhando situa\u00e7\u00f5es divertidas dos bastidores de shows e programas de TV.<\/p>\n\n\n\n<p>No dia 5 de julho, \u00e0s 19 horas, o Teatro Municipal recebe o espet\u00e1culo Yara. A pe\u00e7a mergulha no confronto entre duas vis\u00f5es de mundo. De um lado, a comunh\u00e3o com a natureza e a cultura ind\u00edgena e, do outro, o individualismo, sustentado por uma vis\u00e3o deturpada de \u201csuperioridade\u201d. A entrada \u00e9 gratuita e os ingressos podem ser retirados em&nbsp;<a href=\"https:\/\/www.sympla.com.br\/evento\/yara\/2511860?referrer=linktr.ee\" rel=\"noreferrer noopener\" target=\"_blank\">https:\/\/www.sympla.com.br\/evento\/yara\/2511860?referrer=linktr.ee<\/a><\/p>\n\n\n\n<p>No dia 6 de julho, \u00e0s 17h, a Grandk Studio Dan\u00e7a K\u00e1tia Fajardo promove uma&nbsp;mostra de dan\u00e7a. Este evento reunir\u00e1 coreografias cuidadosamente trabalhadas pelos professores ao longo do semestre letivo, com o objetivo de demonstrar a evolu\u00e7\u00e3o e o progresso dos alunos do est\u00fadio de dan\u00e7a. Ingressos devem ser retirados com anteced\u00eancia, na sede da academia, no Col\u00e9gio Para\u00edso, e no dia da apresenta\u00e7\u00e3o, com a produ\u00e7\u00e3o. Informa\u00e7\u00f5es: 21 96812 0781<\/p>\n\n\n\n<p>Nos dias 6, 20 e 27 de julho, a partir das 14h, a Loninha da Pra\u00e7a Z\u00e9 Garoto recebe o Workshop de Dan\u00e7as Urbanas.&nbsp;S\u00e3o oficinas totalmente gratuitas e fazem parte da programa\u00e7\u00e3o da exposi\u00e7\u00e3o \u201cQuintess\u00eancia\u201d na Casa das Artes, que faz uma imers\u00e3o na cultura hip hop.<\/p>\n\n\n\n<p>No dia 7 de julho, o Teatro Municipal&nbsp;recebe dois espet\u00e1culos do Curso de Teatro Carol Araujo. \u00c1s 15h30 ser\u00e1 exibido o infantil &#8220;A Sala M\u00e1gica da Dona Cartap\u00e1cia&#8221;, com classifica\u00e7\u00e3o \u00e9 livre. \u00c0s 18h30, \u00e9 a vez de &#8220;Barb\u00e1ries &#8211; Os filhos do deserto vermelho&#8221;. A classifica\u00e7\u00e3o \u00e9 14 anos. Os ingressos est\u00e3o \u00e0 venda por R$30 (inteira) e R$15 (meia e venda antecipada). Vendas de ingressos e maiores informa\u00e7\u00f5es: 21 993292129.<\/p>\n\n\n\n<p>No dia 10 de julho, \u00e0s 19 horas, a Orquestra Municipal de S\u00e3o Gon\u00e7alo comemora seu anivers\u00e1rio de 12 anos no Teatro Municipal. O maestro Paulo Guarany preparou um repert\u00f3rio especial, recheado de grandes sucessos, para comemorar essa data marcante junto \u00e0 popula\u00e7\u00e3o gon\u00e7alense. A entrada \u00e9 gratuita.<\/p>\n\n\n\n<p>No dia 11 de julho, \u00e0s 20h, no Teatro Municipal, a Animus realiza mais uma edi\u00e7\u00e3o do evento anual &#8220;Em Constru\u00e7\u00e3o&#8221;. Este ano, a apresenta\u00e7\u00e3o de dan\u00e7a tem um tema especial: &#8220;Esta\u00e7\u00f5es&#8221;. Os ingressos estar\u00e3o \u00e0 venda na secretaria da Animus ou pelo WhatsApp: 21 99995-8437.<\/p>\n\n\n\n<p>O Dia Mundial do Rock ser\u00e1 comemorado em grande estilo, no dia 13 de julho, \u00e0s 18h, no Teatro Municipal, com a Bbanda \u201cO Coro\u201d, um tributo \u00e0 banda Charlie Brown Jr criado em S\u00e3o Gon\u00e7alo. A banda foi formada para manter viva a mensagem de uma das maiores bandas de rock do Brasil. Os ingressos podem ser adquiridos em:<\/p>\n\n\n\n<p>&nbsp;<a href=\"http:\/\/www.sympla.com.br\/event__2497596\" rel=\"noreferrer noopener\" target=\"_blank\">http:\/\/www.sympla.com.br\/event__2497596<\/a><\/p>\n\n\n\n<p>Nos dias 18, 19 e 20 de julho o Teatro Municipal recebe a com\u00e9dia \u2018Vida Privada\u2019.&nbsp;Na pe\u00e7a, aparecem situa\u00e7\u00f5es hil\u00e1rias do cotidiano da t\u00e3o diversificada e imprecisa classe m\u00e9dia brasileira. Tudo isso apresentando o humor cr\u00edtico, sarc\u00e1stico e ir\u00f4nico de Verissimo, t\u00e3o aclamado pelo p\u00fablico. Os ingressos custam R$ 20 e R$10 (meia entrada). Link para ingressos:&nbsp;<a href=\"https:\/\/www.sympla.com.br\/evento\/vida-privada-a-comedia\/2506543\" rel=\"noreferrer noopener\" target=\"_blank\">https:\/\/www.sympla.com.br\/evento\/vida-privada-a-comedia\/2506543<\/a><\/p>\n\n\n\n<p>No dia 21 de julho, \u00e0s 16h, a CG2 Arte esta voltando ao Teatro Municipal com Mirabel, Isabela e Luiza, no Pocket Show, &#8220;As Irm\u00e3s Madrigal\u201d. A apresenta\u00e7\u00e3o mistura linguagens de teatro e conta\u00e7\u00e3o de hist\u00f3rias, com direito a muitas m\u00fasicas e coreografias. Os ingressos est\u00e3o dispon\u00edveis em&nbsp;<a href=\"https:\/\/www.sympla.com.br\/evento\/as-irmas-madrigal-um-encanto-de-pocket-show\/2498615?referrer=www.google.com\" rel=\"noreferrer noopener\" target=\"_blank\">https:\/\/www.sympla.com.br\/evento\/as-irmas-madrigal-um-encanto-de-pocket-show\/2498615?referrer=www.google.com<\/a><\/p>\n\n\n\n<p>No dia 25 de julho, \u00e0s 10h, o Teatro Municipal recebe o saudosismo dos tempos de ouro da m\u00fasica brasileira, com o Momento Musica Salvatori. O projeto tem objetivo de oferecer seresta ao grande p\u00fablico, de forma acess\u00edvel e gratuita na regi\u00e3o central de S\u00e3o Gon\u00e7alo. A entrada \u00e9 gratuita.<\/p>\n","protected":false},"excerpt":{"rendered":"<p>Atra\u00e7\u00f5es para todos os gostos ser\u00e3o oferecidas em diferentes equipamentos\u00a0 O m\u00eas de julho ser\u00e1 de muitas atra\u00e7\u00f5es culturais em&hellip;<\/p>\n","protected":false},"author":5,"featured_media":8160,"comment_status":"open","ping_status":"open","sticky":false,"template":"","format":"standard","meta":{"fifu_image_url":"","fifu_image_alt":"","footnotes":""},"categories":[6],"tags":[],"class_list":["post-8158","post","type-post","status-publish","format-standard","has-post-thumbnail","hentry","category-entretenimento"],"_links":{"self":[{"href":"https:\/\/sgvaimudar.com.br\/index.php\/wp-json\/wp\/v2\/posts\/8158","targetHints":{"allow":["GET"]}}],"collection":[{"href":"https:\/\/sgvaimudar.com.br\/index.php\/wp-json\/wp\/v2\/posts"}],"about":[{"href":"https:\/\/sgvaimudar.com.br\/index.php\/wp-json\/wp\/v2\/types\/post"}],"author":[{"embeddable":true,"href":"https:\/\/sgvaimudar.com.br\/index.php\/wp-json\/wp\/v2\/users\/5"}],"replies":[{"embeddable":true,"href":"https:\/\/sgvaimudar.com.br\/index.php\/wp-json\/wp\/v2\/comments?post=8158"}],"version-history":[{"count":1,"href":"https:\/\/sgvaimudar.com.br\/index.php\/wp-json\/wp\/v2\/posts\/8158\/revisions"}],"predecessor-version":[{"id":8161,"href":"https:\/\/sgvaimudar.com.br\/index.php\/wp-json\/wp\/v2\/posts\/8158\/revisions\/8161"}],"wp:featuredmedia":[{"embeddable":true,"href":"https:\/\/sgvaimudar.com.br\/index.php\/wp-json\/wp\/v2\/media\/8160"}],"wp:attachment":[{"href":"https:\/\/sgvaimudar.com.br\/index.php\/wp-json\/wp\/v2\/media?parent=8158"}],"wp:term":[{"taxonomy":"category","embeddable":true,"href":"https:\/\/sgvaimudar.com.br\/index.php\/wp-json\/wp\/v2\/categories?post=8158"},{"taxonomy":"post_tag","embeddable":true,"href":"https:\/\/sgvaimudar.com.br\/index.php\/wp-json\/wp\/v2\/tags?post=8158"}],"curies":[{"name":"wp","href":"https:\/\/api.w.org\/{rel}","templated":true}]}}