{"id":8117,"date":"2024-06-26T16:00:00","date_gmt":"2024-06-26T19:00:00","guid":{"rendered":"https:\/\/sgvaimudar.com.br\/?p=8117"},"modified":"2024-06-26T09:59:14","modified_gmt":"2024-06-26T12:59:14","slug":"palestra-orienta-empreendedores-a-definir-precos","status":"publish","type":"post","link":"https:\/\/sgvaimudar.com.br\/index.php\/2024\/06\/26\/palestra-orienta-empreendedores-a-definir-precos\/","title":{"rendered":"Palestra orienta empreendedores a definir pre\u00e7os"},"content":{"rendered":"\n<p><em>Evento foi realiza\u00e7\u00e3o pela Secretaria de Desenvolvimento Econ\u00f4mico e Sebrae-RJ<\/em><\/p>\n\n\n\n<p>A Prefeitura de S\u00e3o Gon\u00e7alo, atrav\u00e9s da Secretaria de Desenvolvimento\u00a0Econ\u00f4mico, em parceria com o Sebrae-RJ, realizou a palestra &#8216;Como definir pre\u00e7o de venda&#8217;, direcionada a empreendedores e tamb\u00e9m a quem deseja empreender, na tarde desta ter\u00e7a-feira (25).\u00a0<\/p>\n\n\n\n<p>O encontro foi realizado no Espa\u00e7o Mais Conhecimento, do Partage Shopping, no Centro. Os empreendedores puderam&nbsp;compreender sobre gastos, custos e despesas, import\u00e2ncia da margem de contribui\u00e7\u00e3o, forma\u00e7\u00e3o do pre\u00e7o de venda e outros pontos importantes que possam ajudar o empreendedor a definir o pre\u00e7o de seus produtos e servi\u00e7os. A palestra foi ministrada por Ana Nascimento, especialista de Meg\u00f3cios do Sebrae.&nbsp;<\/p>\n\n\n\n<p>Os empreendedores tamb\u00e9m puderam realizar troca de experi\u00eancias sobre os produtos que vendem ou os servi\u00e7os que ofertam, al\u00e9m de tirar d\u00favidas sobre neg\u00f3cios.<\/p>\n\n\n\n<p><em>Fotos: Julio Diniz<\/em><\/p>\n","protected":false},"excerpt":{"rendered":"<p>Evento foi realiza\u00e7\u00e3o pela Secretaria de Desenvolvimento Econ\u00f4mico e Sebrae-RJ A Prefeitura de S\u00e3o Gon\u00e7alo, atrav\u00e9s da Secretaria de Desenvolvimento\u00a0Econ\u00f4mico,&hellip;<\/p>\n","protected":false},"author":5,"featured_media":8118,"comment_status":"open","ping_status":"open","sticky":false,"template":"","format":"standard","meta":{"fifu_image_url":"","fifu_image_alt":"","footnotes":""},"categories":[3],"tags":[],"class_list":["post-8117","post","type-post","status-publish","format-standard","has-post-thumbnail","hentry","category-sao-goncalo"],"_links":{"self":[{"href":"https:\/\/sgvaimudar.com.br\/index.php\/wp-json\/wp\/v2\/posts\/8117","targetHints":{"allow":["GET"]}}],"collection":[{"href":"https:\/\/sgvaimudar.com.br\/index.php\/wp-json\/wp\/v2\/posts"}],"about":[{"href":"https:\/\/sgvaimudar.com.br\/index.php\/wp-json\/wp\/v2\/types\/post"}],"author":[{"embeddable":true,"href":"https:\/\/sgvaimudar.com.br\/index.php\/wp-json\/wp\/v2\/users\/5"}],"replies":[{"embeddable":true,"href":"https:\/\/sgvaimudar.com.br\/index.php\/wp-json\/wp\/v2\/comments?post=8117"}],"version-history":[{"count":1,"href":"https:\/\/sgvaimudar.com.br\/index.php\/wp-json\/wp\/v2\/posts\/8117\/revisions"}],"predecessor-version":[{"id":8119,"href":"https:\/\/sgvaimudar.com.br\/index.php\/wp-json\/wp\/v2\/posts\/8117\/revisions\/8119"}],"wp:featuredmedia":[{"embeddable":true,"href":"https:\/\/sgvaimudar.com.br\/index.php\/wp-json\/wp\/v2\/media\/8118"}],"wp:attachment":[{"href":"https:\/\/sgvaimudar.com.br\/index.php\/wp-json\/wp\/v2\/media?parent=8117"}],"wp:term":[{"taxonomy":"category","embeddable":true,"href":"https:\/\/sgvaimudar.com.br\/index.php\/wp-json\/wp\/v2\/categories?post=8117"},{"taxonomy":"post_tag","embeddable":true,"href":"https:\/\/sgvaimudar.com.br\/index.php\/wp-json\/wp\/v2\/tags?post=8117"}],"curies":[{"name":"wp","href":"https:\/\/api.w.org\/{rel}","templated":true}]}}