{"id":8059,"date":"2024-06-25T14:00:00","date_gmt":"2024-06-25T17:00:00","guid":{"rendered":"https:\/\/sgvaimudar.com.br\/?p=8059"},"modified":"2024-06-25T10:44:36","modified_gmt":"2024-06-25T13:44:36","slug":"secretario-de-saude-de-sg-entrega-usf-revitalizada-no-arrastao","status":"publish","type":"post","link":"https:\/\/sgvaimudar.com.br\/index.php\/2024\/06\/25\/secretario-de-saude-de-sg-entrega-usf-revitalizada-no-arrastao\/","title":{"rendered":"Secret\u00e1rio de Sa\u00fade de SG entrega USF revitalizada no Arrast\u00e3o"},"content":{"rendered":"\n<p>O secret\u00e1rio de Sa\u00fade, Dr. Gleison Rocha, realizou a sua 41\u00aa entrega de unidade b\u00e1sica de sa\u00fade (USF) no governo do prefeito Capit\u00e3o Nelson. A USF Josias Muniz, no Arrast\u00e3o, foi devolvida aos moradores completamente revitalizada. A obra vai beneficiar cerca de 4 mil usu\u00e1rios.<\/p>\n\n\n\n<figure class=\"wp-block-image size-large\"><img fetchpriority=\"high\" decoding=\"async\" width=\"1024\" height=\"684\" src=\"https:\/\/sgvaimudar.com.br\/wp-content\/uploads\/2024\/06\/unnamed-1-21-1024x684.jpg\" alt=\"\" class=\"wp-image-8060\" srcset=\"https:\/\/sgvaimudar.com.br\/wp-content\/uploads\/2024\/06\/unnamed-1-21-1024x684.jpg 1024w, https:\/\/sgvaimudar.com.br\/wp-content\/uploads\/2024\/06\/unnamed-1-21-300x200.jpg 300w, https:\/\/sgvaimudar.com.br\/wp-content\/uploads\/2024\/06\/unnamed-1-21-768x513.jpg 768w, https:\/\/sgvaimudar.com.br\/wp-content\/uploads\/2024\/06\/unnamed-1-21-1536x1027.jpg 1536w, https:\/\/sgvaimudar.com.br\/wp-content\/uploads\/2024\/06\/unnamed-1-21.jpg 1616w\" sizes=\"(max-width: 1024px) 100vw, 1024px\" \/><\/figure>\n\n\n\n<p>Com quatro consult\u00f3rios \u2013 incluindo de odontologia e ginecologia, o posto de sa\u00fade ainda tem salas de vacina e curativo, recep\u00e7\u00e3o, espera e copa para os funcion\u00e1rios.<\/p>\n\n\n\n<p>O vice-prefeito S\u00e9rgio Gev\u00fa esteve na inaugura\u00e7\u00e3o e celebrou a entrega de mais uma USF revitalizada. <\/p>\n\n\n\n<p>&#8220;Trago um abra\u00e7o do nosso querido prefeito Capit\u00e3o Nelson, que trabalha muito e corre atr\u00e1s. Quando escolhi caminhar com o Capit\u00e3o Nelson, vi um homem ficha limpa e com princ\u00edpios, trabalhando todos os dias e entregando equipamentos para a popula\u00e7\u00e3o. Tenho muito orgulho do que estamos entregando nessa gest\u00e3o&#8221;, disse Gev\u00fa.<\/p>\n\n\n\n<p>Tamb\u00e9m estiveram presentes o subsecret\u00e1rio de Aten\u00e7\u00e3o B\u00e1sica, Gabriel Mello, e o subsecret\u00e1rio de Odontologia, Dr. Paulo Alberto do Nascimento.<\/p>\n\n\n\n<p>A unidade passou por revis\u00e3o nas redes el\u00e9trica e hidr\u00e1ulica. E ainda recebeu a padroniza\u00e7\u00e3o que est\u00e1 sendo realizada em todas as unidades de sa\u00fade com pisos novos, pintura, climatiza\u00e7\u00e3o, adequa\u00e7\u00f5es gerais e de acessibilidade (rampa, piso t\u00e1til, barras, banheiros adaptados para pessoas com defici\u00eancia), al\u00e9m da revitaliza\u00e7\u00e3o da fachada \u2013 tudo conforme as normas da Anvisa: a RDC 50, que diz respeito aos ambientes e a NBR 9050, sobre acessibilidade.<\/p>\n\n\n\n<p>A USF conta com m\u00e9dico generalista, dentista, enfermeiro e t\u00e9cnico de enfermagem. Al\u00e9m de uma equipe do E-mult (equipe multiprofissional composta por nutricionista, fisioterapeuta, educador f\u00edsico, assistente social e psic\u00f3logo).<\/p>\n\n\n\n<p>Unidades da rede b\u00e1sica entregues:<\/p>\n\n\n\n<p>1 &#8211; Santa Luzia<\/p>\n\n\n\n<p>2 &#8211; Robert Koch, Patronato<\/p>\n\n\n\n<p>3 &#8211; Mahatma Ghandi, Jardim Calif\u00f3rnia<\/p>\n\n\n\n<p>4 &#8211; Jos\u00e9 Avelino, Tribob\u00f3<\/p>\n\n\n\n<p>5 &#8211; Haroldo Pereira Nunes, Porto Novo<\/p>\n\n\n\n<p>6 &#8211; Barbosa Lima Sobrinho, Porto da Pedra<\/p>\n\n\n\n<p>7 &#8211; Badger da Silveira, Tribob\u00f3<\/p>\n\n\n\n<p>8 &#8211; Madre Tereza de Calcut\u00e1, Estrela do Norte<\/p>\n\n\n\n<p>9 &#8211; Jos\u00e9 Jorge Cortes Freitas, Itaitindiba<\/p>\n\n\n\n<p>10 &#8211; An\u00edbal Porto, Monjolos<\/p>\n\n\n\n<p>11 &#8211; Geremias de Mattos Fontes, Jardim Bom Retiro<\/p>\n\n\n\n<p>12 &#8211; Luiza de Marillac, Novo M\u00e9xico<\/p>\n\n\n\n<p>13 &#8211; Irm\u00e3 Dulce, Trindade<\/p>\n\n\n\n<p>14 &#8211; Hiparco Ferreira, Engenho do Ro\u00e7ado<\/p>\n\n\n\n<p>15 &#8211; Fl\u00e1vio Henrique de Brito, J\u00f3quei<\/p>\n\n\n\n<p>16 &#8211; Get\u00falio Vargas, Boa Vista<\/p>\n\n\n\n<p>17 &#8211; Candoza<\/p>\n\n\n\n<p>18 &#8211; Floren\u00e7a Helena Pereira, Largo da Ideia<\/p>\n\n\n\n<p>19 &#8211; Anaia<\/p>\n\n\n\n<p>20 &#8211; Victor Chimelly, Paiva<\/p>\n\n\n\n<p>21 &#8211; Tancredo Neves, Luiz Ca\u00e7ador<\/p>\n\n\n\n<p>22 &#8211; Neuza Goulart, em Palmeiras<\/p>\n\n\n\n<p>23 &#8211; Jos\u00e9 Bruno Neto, Boa Vista<\/p>\n\n\n\n<p>24 &#8211; Altair da Silva, Mutu\u00e1<\/p>\n\n\n\n<p>25 &#8211; Juvenil Francisco Ribeiro, Engenho Pequeno<\/p>\n\n\n\n<p>26 &#8211; Luiz Carlos Prestes, Santa Catarina<\/p>\n\n\n\n<p>27 &#8211; Adolfo Lutz, Amendoeira<\/p>\n\n\n\n<p>28 &#8211; Armando Le\u00e3o Ferreira, Morro do Castro<\/p>\n\n\n\n<p>29 &#8211; Bento da Cruz, Porto Novo<\/p>\n\n\n\n<p>30 &#8211; Louis Pasteur, Guaxindiba<\/p>\n\n\n\n<p>31 &#8211; Agenor Jos\u00e9 da Silva, Jardim Catarina<\/p>\n\n\n\n<p>32 &#8211; Doutel de Andrade, Maria Paula<\/p>\n\n\n\n<p>33 &#8211; Marechal C\u00e2ndido Rondon, Coluband\u00ea<\/p>\n\n\n\n<p>34 &#8211; Gladys Rodrigues Ramos Freitas, Santa Isabel<\/p>\n\n\n\n<p>35 &#8211; Cl\u00ednica Gon\u00e7alense do Coluband\u00ea<\/p>\n\n\n\n<p>36 &#8211; Bocayuva Cunha, Gradim<\/p>\n\n\n\n<p>37 &#8211; Roberto Silveira, Vista Alegre<\/p>\n\n\n\n<p>38 &#8211; Albert Sabin, Salgueiro<\/p>\n\n\n\n<p>39 &#8211; Elza Borges, Santa Luzia<\/p>\n\n\n\n<p>40 &#8211; Polo Sanit\u00e1rio Jorge Teixeira de Lima, Jardim Catarina<\/p>\n\n\n\n<p>41 &#8211; Josias Muniz, Arrast\u00e3o<\/p>\n\n\n\n<p>Postos em obra de revitaliza\u00e7\u00e3o e constru\u00e7\u00e3o<\/p>\n\n\n\n<p>1 &#8211; Bandeirantes<\/p>\n\n\n\n<p>2 &#8211; Ita\u00fana<\/p>\n\n\n\n<p>3 &#8211; Marileia Cardoso, J\u00f3quei<\/p>\n\n\n\n<p>4 &#8211; Cl\u00ednica Lagoinha<\/p>\n\n\n\n<p>5 &#8211; Vista Alegre<\/p>\n\n\n\n<p>6 &#8211; David Capistrano, Ita\u00fana<\/p>\n\n\n\n<p>7 &#8211; \u00c1gua Mineral<\/p>\n\n\n\n<p>8 &#8211; Carlos Chagas, Fazenda dos Mineiros<\/p>\n\n\n\n<p>9 &#8211; Cl\u00ednica de Neves.<\/p>\n\n\n\n<p><em>Fotos: Renan Otto<\/em><\/p>\n","protected":false},"excerpt":{"rendered":"<p>O secret\u00e1rio de Sa\u00fade, Dr. Gleison Rocha, realizou a sua 41\u00aa entrega de unidade b\u00e1sica de sa\u00fade (USF) no governo&hellip;<\/p>\n","protected":false},"author":5,"featured_media":8061,"comment_status":"open","ping_status":"open","sticky":false,"template":"","format":"standard","meta":{"fifu_image_url":"","fifu_image_alt":"","footnotes":""},"categories":[7],"tags":[],"class_list":["post-8059","post","type-post","status-publish","format-standard","has-post-thumbnail","hentry","category-saude"],"_links":{"self":[{"href":"https:\/\/sgvaimudar.com.br\/index.php\/wp-json\/wp\/v2\/posts\/8059","targetHints":{"allow":["GET"]}}],"collection":[{"href":"https:\/\/sgvaimudar.com.br\/index.php\/wp-json\/wp\/v2\/posts"}],"about":[{"href":"https:\/\/sgvaimudar.com.br\/index.php\/wp-json\/wp\/v2\/types\/post"}],"author":[{"embeddable":true,"href":"https:\/\/sgvaimudar.com.br\/index.php\/wp-json\/wp\/v2\/users\/5"}],"replies":[{"embeddable":true,"href":"https:\/\/sgvaimudar.com.br\/index.php\/wp-json\/wp\/v2\/comments?post=8059"}],"version-history":[{"count":1,"href":"https:\/\/sgvaimudar.com.br\/index.php\/wp-json\/wp\/v2\/posts\/8059\/revisions"}],"predecessor-version":[{"id":8062,"href":"https:\/\/sgvaimudar.com.br\/index.php\/wp-json\/wp\/v2\/posts\/8059\/revisions\/8062"}],"wp:featuredmedia":[{"embeddable":true,"href":"https:\/\/sgvaimudar.com.br\/index.php\/wp-json\/wp\/v2\/media\/8061"}],"wp:attachment":[{"href":"https:\/\/sgvaimudar.com.br\/index.php\/wp-json\/wp\/v2\/media?parent=8059"}],"wp:term":[{"taxonomy":"category","embeddable":true,"href":"https:\/\/sgvaimudar.com.br\/index.php\/wp-json\/wp\/v2\/categories?post=8059"},{"taxonomy":"post_tag","embeddable":true,"href":"https:\/\/sgvaimudar.com.br\/index.php\/wp-json\/wp\/v2\/tags?post=8059"}],"curies":[{"name":"wp","href":"https:\/\/api.w.org\/{rel}","templated":true}]}}