{"id":8043,"date":"2024-06-25T10:05:56","date_gmt":"2024-06-25T13:05:56","guid":{"rendered":"https:\/\/sgvaimudar.com.br\/?p=8043"},"modified":"2024-06-25T12:45:36","modified_gmt":"2024-06-25T15:45:36","slug":"detento-que-foi-preso-em-sg-coordenou-de-dentro-da-penitenciaria-sequestro-de-medica-no-para","status":"publish","type":"post","link":"https:\/\/sgvaimudar.com.br\/index.php\/2024\/06\/25\/detento-que-foi-preso-em-sg-coordenou-de-dentro-da-penitenciaria-sequestro-de-medica-no-para\/","title":{"rendered":"Detento que foi preso em SG coordenou de dentro da penitenci\u00e1ria sequestro de m\u00e9dica no Par\u00e1"},"content":{"rendered":"\n<p><em>Um dos sequestradores morreu e 4 pessoas foram presas em flagrante. Jo\u00e3o Felipe da Silva Rodrigues Oliveira foi transferido para pres\u00eddio de seguran\u00e7a m\u00e1xima do Complexo de Gericin\u00f3.<\/em><\/p>\n\n\n\n<p>Uma opera\u00e7\u00e3o em andamento no Complexo Penitenci\u00e1rio de Gericin\u00f3, em Bang\u00fa, no Rio de Janeiro, prendeu bandidos envolvidos, que coordenaram de dentro da penitenci\u00e1ria, um sequestro de uma m\u00e9dica no Par\u00e1. A a\u00e7\u00e3o constatou que um detento que foi preso em S\u00e3o Gon\u00e7alo foi um dos cabe\u00e7as do esquema.<\/p>\n\n\n\n<figure class=\"wp-block-image size-full\"><img fetchpriority=\"high\" decoding=\"async\" width=\"995\" height=\"470\" src=\"https:\/\/sgvaimudar.com.br\/wp-content\/uploads\/2024\/06\/medica.jpg\" alt=\"\" class=\"wp-image-8044\" srcset=\"https:\/\/sgvaimudar.com.br\/wp-content\/uploads\/2024\/06\/medica.jpg 995w, https:\/\/sgvaimudar.com.br\/wp-content\/uploads\/2024\/06\/medica-300x142.jpg 300w, https:\/\/sgvaimudar.com.br\/wp-content\/uploads\/2024\/06\/medica-768x363.jpg 768w\" sizes=\"(max-width: 995px) 100vw, 995px\" \/><\/figure>\n\n\n\n<p>Jo\u00e3o Felipe da Silva Rodrigues Oliveira, mais conhecido pela Justi\u00e7a paraense, como Spike fugiu para o Rio de Janeiro, e encontrou abrigo no Complexo do Salgueiro, em S\u00e3o Gon\u00e7alo. Junto com ele, outras quatro pessoas envolvidas no sequestro, presas no \u00faltimo domingo (23\/6), tamb\u00e9m tiveram as pris\u00f5es preventivas decretadas. Todos ainda v\u00e3o passar por audi\u00eancia de cust\u00f3dia no Par\u00e1.<\/p>\n\n\n\n<p>Ap\u00f3s um trabalho de intelig\u00eancia, ele foi localizado por policiais paraenses e fluminenses, em abril deste ano, na Praia de Itaipu, em Niter\u00f3i, Regi\u00e3o Metropolitana do Rio. Ao ser preso foi levado para a Penitenci\u00e1ria Muniz Sodr\u00e9.<\/p>\n\n\n\n<p>Jo\u00e3o Felipe da Silva Rodrigues Oliveira, o Spike, \u00e9 descrito pela pol\u00edcia do Par\u00e1 como um homem que idealiza miss\u00f5es criminosas para angariar fundos que v\u00e3o abastecer o Comando Vermelho (CV) no Norte do Pa\u00eds.<\/p>\n\n\n\n<p><strong>Entenda<\/strong> &#8211; Spike coordenou, de dentro da cadeia, o sequestro de uma m\u00e9dica quando sa\u00eda de um show. O namorado da v\u00edtima recebeu um telefonema pedindo resgate e chamou a pol\u00edcia.<\/p>\n\n\n\n<p>As investiga\u00e7\u00f5es levaram os policiais at\u00e9 o cativeiro na cidade de Ananindeua, Regi\u00e3o Metropolitana de Bel\u00e9m. Segundo os agentes, os criminosos escolheram a v\u00edtima de forma aleat\u00f3ria.<\/p>\n\n\n\n<p>Com a ajuda da Pol\u00edcia Civil do Rio, a pol\u00edcia paraense conseguiu libertar a m\u00e9dica. Quando os policiais chegaram ao local, um dos sequestradores trocou tiros com os agentes, foi baleado e morreu.<\/p>\n\n\n\n<p>Al\u00e9m dele, dois homens e duas mulheres, que tamb\u00e9m tomavam conta do cativeiro, foram presos em flagrante.<\/p>\n\n\n\n<p>Spike \u00e9 chefe de uma quadrilha de sequestradores do Par\u00e1.&nbsp;O criminoso estava escondido no Rio e foi preso em abril deste ano.<\/p>\n\n\n\n<p>Nesta segunda-feira, a Secretaria de Estado de Administra\u00e7\u00e3o Penitenci\u00e1ria (Seap) do Rio de Janeiro deflagrou uma opera\u00e7\u00e3o na Penitenci\u00e1ria Muniz Sodr\u00e9 e apreendeu 16 celulares na cela que era ocupada por Spike.<\/p>\n\n\n\n<p>A Seap informou ainda que o detento foi transferido para a Penitenci\u00e1ria La\u00e9rcio da Costa Pelegrino (Bangu 1), de seguran\u00e7a m\u00e1xima, e que a corregedoria da secretaria abriu uma sindic\u00e2ncia para apurar o caso.<\/p>\n\n\n\n<p>Em nota, a Seap informou que tem intensificado o combate \u00e0 entrada de aparelhos celulares nas unidades prisionais e tem identificado e bloqueado os sinais dos telefones atrav\u00e9s do uso de aparato tecnol\u00f3gico de intelig\u00eancia.<\/p>\n\n\n\n<p>O caso \u00e9 investigado pela delegacia de Repress\u00e3o a Roubos a Bancos e Antissequestro.<\/p>\n\n\n\n<p><strong>Presos em Itaipu<\/strong><\/p>\n\n\n\n<p>Em abril deste ano, policiais civis do Rio e do Par\u00e1 haviam prendido dois traficantes que fugiram do Norte do pa\u00eds e se esconderam no Complexo do Salgueiro, em S\u00e3o Gon\u00e7alo. Jo\u00e3o Felipe da Silva Rodrigues Oliveira e Gabriel Vitor Macedo Teixeira estavam na praia de Itaipu, em Niter\u00f3i, quando foram capturados pelos agentes.<\/p>\n\n\n\n<p>De acordo com o delegado T\u00falio Pelosi, eles faziam parte da chefia intelectual e refor\u00e7avam o tr\u00e1fico do Salgueiro. As investiga\u00e7\u00f5es apontam que eles estavam sob ordens do traficante Rabic\u00f3, que \u00e9 chefe da comunidade.<\/p>\n\n\n\n<p>&#8220;J\u00e1 est\u00e1vamos monitorando eles h\u00e1 dois meses e verificamos que eles estavam desarmados na praia, o que oferecia baixo risco para a popula\u00e7\u00e3o em uma pris\u00e3o. Eles respondem por homic\u00eddios, tr\u00e1fico de drogas nacional e internacional e representam uma perda grande para a fac\u00e7\u00e3o&#8221;, explicou o delegado na \u00e9poca.<\/p>\n\n\n\n<p><strong><em><sup>S\u00e3o Gon\u00e7alo Vai Mudar. O Maior Portal da Cidade.<\/sup><\/em><\/strong><\/p>\n\n\n\n<p> <\/p>\n","protected":false},"excerpt":{"rendered":"<p>Um dos sequestradores morreu e 4 pessoas foram presas em flagrante. Jo\u00e3o Felipe da Silva Rodrigues Oliveira foi transferido para&hellip;<\/p>\n","protected":false},"author":5,"featured_media":8045,"comment_status":"open","ping_status":"open","sticky":false,"template":"","format":"standard","meta":{"fifu_image_url":"","fifu_image_alt":"","footnotes":""},"categories":[32],"tags":[],"class_list":["post-8043","post","type-post","status-publish","format-standard","has-post-thumbnail","hentry","category-casos-de-policia"],"_links":{"self":[{"href":"https:\/\/sgvaimudar.com.br\/index.php\/wp-json\/wp\/v2\/posts\/8043","targetHints":{"allow":["GET"]}}],"collection":[{"href":"https:\/\/sgvaimudar.com.br\/index.php\/wp-json\/wp\/v2\/posts"}],"about":[{"href":"https:\/\/sgvaimudar.com.br\/index.php\/wp-json\/wp\/v2\/types\/post"}],"author":[{"embeddable":true,"href":"https:\/\/sgvaimudar.com.br\/index.php\/wp-json\/wp\/v2\/users\/5"}],"replies":[{"embeddable":true,"href":"https:\/\/sgvaimudar.com.br\/index.php\/wp-json\/wp\/v2\/comments?post=8043"}],"version-history":[{"count":3,"href":"https:\/\/sgvaimudar.com.br\/index.php\/wp-json\/wp\/v2\/posts\/8043\/revisions"}],"predecessor-version":[{"id":8074,"href":"https:\/\/sgvaimudar.com.br\/index.php\/wp-json\/wp\/v2\/posts\/8043\/revisions\/8074"}],"wp:featuredmedia":[{"embeddable":true,"href":"https:\/\/sgvaimudar.com.br\/index.php\/wp-json\/wp\/v2\/media\/8045"}],"wp:attachment":[{"href":"https:\/\/sgvaimudar.com.br\/index.php\/wp-json\/wp\/v2\/media?parent=8043"}],"wp:term":[{"taxonomy":"category","embeddable":true,"href":"https:\/\/sgvaimudar.com.br\/index.php\/wp-json\/wp\/v2\/categories?post=8043"},{"taxonomy":"post_tag","embeddable":true,"href":"https:\/\/sgvaimudar.com.br\/index.php\/wp-json\/wp\/v2\/tags?post=8043"}],"curies":[{"name":"wp","href":"https:\/\/api.w.org\/{rel}","templated":true}]}}