{"id":8013,"date":"2024-06-24T12:00:00","date_gmt":"2024-06-24T15:00:00","guid":{"rendered":"https:\/\/sgvaimudar.com.br\/?p=8013"},"modified":"2024-06-24T10:09:07","modified_gmt":"2024-06-24T13:09:07","slug":"prefeitura-faz-acao-para-conscientizar-sobre-combate-as-drogas","status":"publish","type":"post","link":"https:\/\/sgvaimudar.com.br\/index.php\/2024\/06\/24\/prefeitura-faz-acao-para-conscientizar-sobre-combate-as-drogas\/","title":{"rendered":"Prefeitura faz a\u00e7\u00e3o para conscientizar sobre combate \u00e0s drogas"},"content":{"rendered":"\n<p><em>Eventos ser\u00e3o alusivos ao Dia Internacional de Combate \u00e0s Drogas<\/em><\/p>\n\n\n\n<p>A Secretaria de Pol\u00edticas sobre \u00c1lcool e Drogas (Sempad) da Prefeitura de S\u00e3o Gon\u00e7alo vai promover duas a\u00e7\u00f5es em alus\u00e3o ao Dia Internacional de Combate \u00e0s Drogas, celebrado no dia 26 de junho.<\/p>\n\n\n\n<p>A data foi estabelecida pela Organiza\u00e7\u00e3o das Na\u00e7\u00f5es Unidas (ONU) com o objetivo de conscientizar a popula\u00e7\u00e3o sobre essa tem\u00e1tica, enfatizando a necessidade de combater os problemas sociais criados pelas drogas il\u00edcitas, al\u00e9m de planejar a\u00e7\u00f5es de combate \u00e0 depend\u00eancia qu\u00edmica e ao tr\u00e1fico de drogas.<\/p>\n\n\n\n<p>Nesta segunda-feira (24), uma equipe t\u00e9cnica da Sempad ir\u00e1 conduzir uma roda de conversa com l\u00edderes e profissionais atuantes nas comunidades terap\u00eauticas do munic\u00edpio. A ideia \u00e9 dialogar sobre as necessidades e desafios enfrentados no cotidiano dessas entidades. O encontro ser\u00e1 realizado no audit\u00f3rio da Sempad, a partir das 14h, que fica na Rua Dr. Porci\u00fancula, n\u00ba 395, bairro Venda da Cruz.<\/p>\n\n\n\n<p>&#8220;Tal di\u00e1logo faz-se necess\u00e1rio para que possamos, enquanto Secretaria Municipal de Pol\u00edticas sobre \u00c1lcool e Drogas, propor pol\u00edticas p\u00fablicas mais efetivas&#8221;, disse a subsecret\u00e1ria Fab\u00edola Cristina da Silva.<\/p>\n\n\n\n<p>J\u00e1 na quinta-feira (27), \u00e0s 10h, a Sempad ir\u00e1 realizar uma a\u00e7\u00e3o de conscientiza\u00e7\u00e3o sobre o uso, abuso e depend\u00eancia de subst\u00e2ncias qu\u00edmicas, na Pra\u00e7a Dr. Luiz Palmier, no Centro.<\/p>\n\n\n\n<p>Semanalmente, as secretarias de Pol\u00edticas sobre \u00c1lcool e Drogas e de Assist\u00eancia Social realizam a\u00e7\u00f5es de abordagem nas ruas da cidade com o objetivo de identificar os indiv\u00edduos em situa\u00e7\u00e3o de risco pessoal e social que t\u00eam seus direitos violados, al\u00e9m de promover a\u00e7\u00f5es de reinser\u00e7\u00e3o familiar e comunit\u00e1ria.<\/p>\n\n\n\n<p>Durante as a\u00e7\u00f5es, os agentes oferecem \u00e0s pessoas tratamento para depend\u00eancia qu\u00edmica e encaminhamento para retirada de documentos.<\/p>\n","protected":false},"excerpt":{"rendered":"<p>Eventos ser\u00e3o alusivos ao Dia Internacional de Combate \u00e0s Drogas A Secretaria de Pol\u00edticas sobre \u00c1lcool e Drogas (Sempad) da&hellip;<\/p>\n","protected":false},"author":5,"featured_media":8014,"comment_status":"open","ping_status":"open","sticky":false,"template":"","format":"standard","meta":{"fifu_image_url":"","fifu_image_alt":"","footnotes":""},"categories":[3],"tags":[],"class_list":["post-8013","post","type-post","status-publish","format-standard","has-post-thumbnail","hentry","category-sao-goncalo"],"_links":{"self":[{"href":"https:\/\/sgvaimudar.com.br\/index.php\/wp-json\/wp\/v2\/posts\/8013","targetHints":{"allow":["GET"]}}],"collection":[{"href":"https:\/\/sgvaimudar.com.br\/index.php\/wp-json\/wp\/v2\/posts"}],"about":[{"href":"https:\/\/sgvaimudar.com.br\/index.php\/wp-json\/wp\/v2\/types\/post"}],"author":[{"embeddable":true,"href":"https:\/\/sgvaimudar.com.br\/index.php\/wp-json\/wp\/v2\/users\/5"}],"replies":[{"embeddable":true,"href":"https:\/\/sgvaimudar.com.br\/index.php\/wp-json\/wp\/v2\/comments?post=8013"}],"version-history":[{"count":1,"href":"https:\/\/sgvaimudar.com.br\/index.php\/wp-json\/wp\/v2\/posts\/8013\/revisions"}],"predecessor-version":[{"id":8015,"href":"https:\/\/sgvaimudar.com.br\/index.php\/wp-json\/wp\/v2\/posts\/8013\/revisions\/8015"}],"wp:featuredmedia":[{"embeddable":true,"href":"https:\/\/sgvaimudar.com.br\/index.php\/wp-json\/wp\/v2\/media\/8014"}],"wp:attachment":[{"href":"https:\/\/sgvaimudar.com.br\/index.php\/wp-json\/wp\/v2\/media?parent=8013"}],"wp:term":[{"taxonomy":"category","embeddable":true,"href":"https:\/\/sgvaimudar.com.br\/index.php\/wp-json\/wp\/v2\/categories?post=8013"},{"taxonomy":"post_tag","embeddable":true,"href":"https:\/\/sgvaimudar.com.br\/index.php\/wp-json\/wp\/v2\/tags?post=8013"}],"curies":[{"name":"wp","href":"https:\/\/api.w.org\/{rel}","templated":true}]}}