{"id":7935,"date":"2024-06-22T14:00:00","date_gmt":"2024-06-22T17:00:00","guid":{"rendered":"https:\/\/sgvaimudar.com.br\/?p=7935"},"modified":"2024-06-22T09:16:49","modified_gmt":"2024-06-22T12:16:49","slug":"brasileirao-vasco-e-sao-paulo-medem-forcas-em-sao-januario","status":"publish","type":"post","link":"https:\/\/sgvaimudar.com.br\/index.php\/2024\/06\/22\/brasileirao-vasco-e-sao-paulo-medem-forcas-em-sao-januario\/","title":{"rendered":"Brasileir\u00e3o: Vasco e S\u00e3o Paulo medem for\u00e7as em S\u00e3o Janu\u00e1rio"},"content":{"rendered":"\n<p><em>Confronto ser\u00e1 a partir das 21h30 deste s\u00e1bado<\/em><\/p>\n\n\n\n<p>O Vasco da Gama recebe o S\u00e3o Paulo, a partir das 21h30 (hor\u00e1rio de Bras\u00edlia) deste s\u00e1bado (21) no est\u00e1dio de S\u00e3o Janu\u00e1rio, com a inten\u00e7\u00e3o de interromper uma sequ\u00eancia de quatro partidas sem vit\u00f3rias (tr\u00eas derrotas e um empate). <\/p>\n\n\n\n<figure class=\"wp-block-embed is-type-rich is-provider-twitter wp-block-embed-twitter\"><div class=\"wp-block-embed__wrapper\">\n<blockquote class=\"twitter-tweet\" data-width=\"550\" data-dnt=\"true\"><p lang=\"pt\" dir=\"ltr\">Prepara\u00e7\u00e3o para o jogo contra o S\u00e3o Paulo finalizada \u2705\ud83d\udca2<a href=\"https:\/\/twitter.com\/hashtag\/VascoDaGama?src=hash&amp;ref_src=twsrc%5Etfw\">#VascoDaGama<\/a> <a href=\"https:\/\/t.co\/vDHcO8Shn2\">pic.twitter.com\/vDHcO8Shn2<\/a><\/p>&mdash; Vasco da Gama (@VascodaGama) <a href=\"https:\/\/twitter.com\/VascodaGama\/status\/1804267352646709278?ref_src=twsrc%5Etfw\">June 21, 2024<\/a><\/blockquote><script async src=\"https:\/\/platform.twitter.com\/widgets.js\" charset=\"utf-8\"><\/script>\n<\/div><\/figure>\n\n\n\n<p>Ocupando a 17\u00aa posi\u00e7\u00e3o com apenas sete pontos, o Cruzmaltino quer a vit\u00f3ria dentro de casa para amenizar um pouco a press\u00e3o da sua torcida, que chegou a protestar em frente ao hotel no qual a equipe est\u00e1 concentrada.<\/p>\n\n\n\n<p>Comandado pelo interino Rafael Paiva, que substitui o t\u00e9cnico portugu\u00eas \u00c1lvaro Pacheco (demitido ap\u00f3s o rev\u00e9s de 2 a 0 para o Juventude na \u00faltima quarta-feira), o Vasco conta com um importante retorno, o do atacante argentino Pablo Vegetti, que cumpriu suspens\u00e3o. Mas o Cruzmaltino ainda tem o desfalque do meio-campista franc\u00eas Dimitri Payet, que est\u00e1 em processo final de recupera\u00e7\u00e3o de uma les\u00e3o na coxa direita.<\/p>\n\n\n\n<p>Desta forma, a equipe de S\u00e3o Janu\u00e1rio deve iniciar a partida com: L\u00e9o Jardim; Paulo Henrique, Maicon, L\u00e9o e Lucas Piton; Hugo Moura, Sforza e Jo\u00e3o Pedro; Adson, David e Vegetti.<\/p>\n\n\n\n<p>O S\u00e3o Paulo tamb\u00e9m chega \u00e0 partida em momento de baixa na temporada. Apesar de ocupar a 7\u00aa posi\u00e7\u00e3o da classifica\u00e7\u00e3o com 15 pontos, o Tricolor vem de tr\u00eas jogos sem vit\u00f3rias (dois empates e um rev\u00e9s, de 1 a 0 para o Cuiab\u00e1 na \u00faltima quarta-feira em pleno Morumbi).<\/p>\n\n\n\n<p>Uma boa not\u00edcia para o t\u00e9cnico argentino Luis Zubeld\u00eda \u00e9 o retorno do zagueiro Alan Franco, que se recuperou de dores musculares. Al\u00e9m disso, o treinador deve optar pela entrada de Luiz Gustavo, Lucas e Rodrigo Nestor na equipe titular. Com isso, o S\u00e3o Paulo deve iniciar a partida com: Jandrei; Igor Vin\u00edcius, Alan Franco (Diego Costa), Arboleda e Welington; Luiz Gustavo, Galoppo, Lucas Moura, Luciano e Rodrigo Nestor; Calleri.<\/p>\n","protected":false},"excerpt":{"rendered":"<p>Confronto ser\u00e1 a partir das 21h30 deste s\u00e1bado O Vasco da Gama recebe o S\u00e3o Paulo, a partir das 21h30&hellip;<\/p>\n","protected":false},"author":5,"featured_media":7936,"comment_status":"open","ping_status":"open","sticky":false,"template":"","format":"standard","meta":{"fifu_image_url":"","fifu_image_alt":"","footnotes":""},"categories":[5],"tags":[],"class_list":["post-7935","post","type-post","status-publish","format-standard","has-post-thumbnail","hentry","category-esportes"],"_links":{"self":[{"href":"https:\/\/sgvaimudar.com.br\/index.php\/wp-json\/wp\/v2\/posts\/7935","targetHints":{"allow":["GET"]}}],"collection":[{"href":"https:\/\/sgvaimudar.com.br\/index.php\/wp-json\/wp\/v2\/posts"}],"about":[{"href":"https:\/\/sgvaimudar.com.br\/index.php\/wp-json\/wp\/v2\/types\/post"}],"author":[{"embeddable":true,"href":"https:\/\/sgvaimudar.com.br\/index.php\/wp-json\/wp\/v2\/users\/5"}],"replies":[{"embeddable":true,"href":"https:\/\/sgvaimudar.com.br\/index.php\/wp-json\/wp\/v2\/comments?post=7935"}],"version-history":[{"count":1,"href":"https:\/\/sgvaimudar.com.br\/index.php\/wp-json\/wp\/v2\/posts\/7935\/revisions"}],"predecessor-version":[{"id":7937,"href":"https:\/\/sgvaimudar.com.br\/index.php\/wp-json\/wp\/v2\/posts\/7935\/revisions\/7937"}],"wp:featuredmedia":[{"embeddable":true,"href":"https:\/\/sgvaimudar.com.br\/index.php\/wp-json\/wp\/v2\/media\/7936"}],"wp:attachment":[{"href":"https:\/\/sgvaimudar.com.br\/index.php\/wp-json\/wp\/v2\/media?parent=7935"}],"wp:term":[{"taxonomy":"category","embeddable":true,"href":"https:\/\/sgvaimudar.com.br\/index.php\/wp-json\/wp\/v2\/categories?post=7935"},{"taxonomy":"post_tag","embeddable":true,"href":"https:\/\/sgvaimudar.com.br\/index.php\/wp-json\/wp\/v2\/tags?post=7935"}],"curies":[{"name":"wp","href":"https:\/\/api.w.org\/{rel}","templated":true}]}}