{"id":7910,"date":"2024-06-21T21:00:00","date_gmt":"2024-06-22T00:00:00","guid":{"rendered":"https:\/\/sgvaimudar.com.br\/?p=7910"},"modified":"2024-06-21T10:29:49","modified_gmt":"2024-06-21T13:29:49","slug":"termina-na-proxima-terca-25-as-inscricoes-para-os-cursos-gratuitos-do-cria-sg","status":"publish","type":"post","link":"https:\/\/sgvaimudar.com.br\/index.php\/2024\/06\/21\/termina-na-proxima-terca-25-as-inscricoes-para-os-cursos-gratuitos-do-cria-sg\/","title":{"rendered":"Termina na pr\u00f3xima ter\u00e7a (25) as inscri\u00e7\u00f5es para os cursos gratuitos do Cria SG"},"content":{"rendered":"\n<p><em>Esta \u00e9 a chance para todos aqueles que perderam a oportunidade anterior<\/em><\/p>\n\n\n\n<p>A Secretaria de Turismo e Cultura da Prefeitura de S\u00e3o Gon\u00e7alo continua com as inscri\u00e7\u00f5es abertas para vagas remanescentes do Projeto Cria SG, que tem objetivo de democratizar a cultura na cidade atrav\u00e9s de aulas gratuitas em diversos segmentos art\u00edsticos. As inscri\u00e7\u00f5es s\u00e3o somente at\u00e9 a pr\u00f3xima ter\u00e7a-feira (25\/6).\u00a0<\/p>\n\n\n\n<p>&#8220;Esta \u00e9 a chance para todos aqueles que perderam a oportunidade anterior de buscar uma vaga em um dos cursos gratuitos oferecidos pela SMTC. As inscri\u00e7\u00f5es ser\u00e3o realizadas online atrav\u00e9s do link:\u00a0<a rel=\"noreferrer noopener\" href=\"https:\/\/click.cse360.com.br\/Click\/AddCampaignEmailClick\/bd1e94a0-4593-4b83-bb5e-08dc8ed5a630\/https%253a%252f%252fforms.gle%252fEDe3v9kkAPhZWTje6\/ac66966e-2b55-4484-fb2c-08dc491eed5f\/jornalistaws@gmail.com\/False\" target=\"_blank\">https:\/\/forms.gle\/EDe3v9kkAPhZWTje6<\/a>&#8220;, informou a pasta na nota.<\/p>\n\n\n\n<p>Para se inscrever, \u00e9 necess\u00e1rio fornecer CPF, RG e comprovante de resid\u00eancia.<\/p>\n\n\n\n<p>As aulas est\u00e3o programadas para come\u00e7ar no dia 1\u00ba de julho, ent\u00e3o os interessados devem inscrever-se o quanto antes para completar o n\u00famero de alunos nos cursos disponibilizados, que atendem a diversas faixas et\u00e1rias e segmentos.<\/p>\n\n\n\n<p>O Cria SG busca oferecer cultura e proporcionar viv\u00eancias art\u00edsticas e culturais \u00e0 popula\u00e7\u00e3o local, representando uma excelente oportunidade para os moradores de S\u00e3o Gon\u00e7alo se envolverem com a arte.<\/p>\n\n\n\n<p><strong>Aulas e hor\u00e1rios dos cursos:<\/strong><\/p>\n\n\n\n<p>Teatro Juvenil\/Adulto &#8211; Teatro Municipal &#8211; Segunda -10:30 \u00e0s 12h<\/p>\n\n\n\n<p>Teatro Juvenil\/Adulto &#8211; Teatro Municipal &#8211; Ter\u00e7a &#8211; 09:30 \u00e0s 10:30h<\/p>\n\n\n\n<p>Anima\u00e7\u00e3o &#8211; Teatro Municipal &#8211; Ter\u00e7a &#8211; 10:30h \u00e0s 12h<\/p>\n\n\n\n<p>Teatro Juvenil\/Adulto &#8211; Teatro Municipal &#8211; Quarta &#8211; 09h \u00e0s 10:30h<\/p>\n\n\n\n<p>Coral Adulto &#8211; Centro Cultural Joaquim Lavoura &#8211; Ter\u00e7a &#8211; 10:30h \u00e0s 12h<\/p>\n\n\n\n<p>Coral Adulto &#8211; Centro Cultural Joaquim Lavoura &#8211; Ter\u00e7a &#8211; 15h \u00e0s 16:30h<\/p>\n\n\n\n<p>Locu\u00e7\u00e3o de Eventos &#8211; Centro Cultural Joaquim Lavoura &#8211; Segunda &#8211; 10:30h \u00e0s 12h<\/p>\n\n\n\n<p>Locu\u00e7\u00e3o de Eventos &#8211; Centro Cultural Joaquim Lavoura &#8211; Segunda &#8211; 13:30h \u00e0s 15h<\/p>\n\n\n\n<p>Bal\u00e9 Infantil( de 8 \u00e0 14 anos) &#8211; Lona Cultural Jardim Catarina &#8211; Quinta &#8211; 9:30h \u00e0s 11h<\/p>\n\n\n\n<p>Bal\u00e9 Infantil( de 8 \u00e0 14 anos) &#8211; Lona Cultural Jardim Catarina &#8211; Quinta &#8211; 13:30h \u00e0s 15h<\/p>\n\n\n\n<p>Dan\u00e7a de Sal\u00e3o &#8211; Centro Municipal de Tradi\u00e7\u00f5es Nordestinas (Neves) &#8211; S\u00e1bado &#8211; 9h \u00e0s 10:30h.<\/p>\n","protected":false},"excerpt":{"rendered":"<p>Esta \u00e9 a chance para todos aqueles que perderam a oportunidade anterior A Secretaria de Turismo e Cultura da Prefeitura&hellip;<\/p>\n","protected":false},"author":5,"featured_media":7911,"comment_status":"open","ping_status":"open","sticky":false,"template":"","format":"standard","meta":{"fifu_image_url":"","fifu_image_alt":"","footnotes":""},"categories":[3],"tags":[],"class_list":["post-7910","post","type-post","status-publish","format-standard","has-post-thumbnail","hentry","category-sao-goncalo"],"_links":{"self":[{"href":"https:\/\/sgvaimudar.com.br\/index.php\/wp-json\/wp\/v2\/posts\/7910","targetHints":{"allow":["GET"]}}],"collection":[{"href":"https:\/\/sgvaimudar.com.br\/index.php\/wp-json\/wp\/v2\/posts"}],"about":[{"href":"https:\/\/sgvaimudar.com.br\/index.php\/wp-json\/wp\/v2\/types\/post"}],"author":[{"embeddable":true,"href":"https:\/\/sgvaimudar.com.br\/index.php\/wp-json\/wp\/v2\/users\/5"}],"replies":[{"embeddable":true,"href":"https:\/\/sgvaimudar.com.br\/index.php\/wp-json\/wp\/v2\/comments?post=7910"}],"version-history":[{"count":1,"href":"https:\/\/sgvaimudar.com.br\/index.php\/wp-json\/wp\/v2\/posts\/7910\/revisions"}],"predecessor-version":[{"id":7912,"href":"https:\/\/sgvaimudar.com.br\/index.php\/wp-json\/wp\/v2\/posts\/7910\/revisions\/7912"}],"wp:featuredmedia":[{"embeddable":true,"href":"https:\/\/sgvaimudar.com.br\/index.php\/wp-json\/wp\/v2\/media\/7911"}],"wp:attachment":[{"href":"https:\/\/sgvaimudar.com.br\/index.php\/wp-json\/wp\/v2\/media?parent=7910"}],"wp:term":[{"taxonomy":"category","embeddable":true,"href":"https:\/\/sgvaimudar.com.br\/index.php\/wp-json\/wp\/v2\/categories?post=7910"},{"taxonomy":"post_tag","embeddable":true,"href":"https:\/\/sgvaimudar.com.br\/index.php\/wp-json\/wp\/v2\/tags?post=7910"}],"curies":[{"name":"wp","href":"https:\/\/api.w.org\/{rel}","templated":true}]}}