{"id":7897,"date":"2024-06-21T13:00:00","date_gmt":"2024-06-21T16:00:00","guid":{"rendered":"https:\/\/sgvaimudar.com.br\/?p=7897"},"modified":"2024-06-21T10:12:10","modified_gmt":"2024-06-21T13:12:10","slug":"prefeito-capitao-nelson-entrega-unidade-da-rede-basica-revitalizada-no-jardim-catarina","status":"publish","type":"post","link":"https:\/\/sgvaimudar.com.br\/index.php\/2024\/06\/21\/prefeito-capitao-nelson-entrega-unidade-da-rede-basica-revitalizada-no-jardim-catarina\/","title":{"rendered":"Prefeito Capit\u00e3o Nelson entrega unidade da rede b\u00e1sica revitalizada no Jardim Catarina"},"content":{"rendered":"\n<p>O prefeito de S\u00e3o Gon\u00e7alo, Capit\u00e3o Nelson, atrav\u00e9s da Secretaria Municipal de Sa\u00fade, entregou as obras de manuten\u00e7\u00e3o e revitaliza\u00e7\u00e3o do Polo Sanit\u00e1rio Jorge Teixeira de Lima, no Jardim Catarina. Com as obras, tanto a popula\u00e7\u00e3o quanto os servidores foram beneficiados com ambientes adequados e humanizados. O polo realiza uma m\u00e9dia de 12 mil atendimentos mensais e \u00e9 a 40\u00aa unidade da rede b\u00e1sica de sa\u00fade que recebe as melhorias.\u00a0<\/p>\n\n\n\n<figure class=\"wp-block-image size-large\"><img fetchpriority=\"high\" decoding=\"async\" width=\"1024\" height=\"684\" src=\"https:\/\/sgvaimudar.com.br\/wp-content\/uploads\/2024\/06\/unnamed-9-9-1024x684.jpg\" alt=\"\" class=\"wp-image-7898\" srcset=\"https:\/\/sgvaimudar.com.br\/wp-content\/uploads\/2024\/06\/unnamed-9-9-1024x684.jpg 1024w, https:\/\/sgvaimudar.com.br\/wp-content\/uploads\/2024\/06\/unnamed-9-9-300x200.jpg 300w, https:\/\/sgvaimudar.com.br\/wp-content\/uploads\/2024\/06\/unnamed-9-9-768x513.jpg 768w, https:\/\/sgvaimudar.com.br\/wp-content\/uploads\/2024\/06\/unnamed-9-9-1536x1027.jpg 1536w, https:\/\/sgvaimudar.com.br\/wp-content\/uploads\/2024\/06\/unnamed-9-9.jpg 1616w\" sizes=\"(max-width: 1024px) 100vw, 1024px\" \/><\/figure>\n\n\n\n<p>\u201c\u00c9 sempre uma satisfa\u00e7\u00e3o entregar uma unidade nova, revitalizada, modificada, em condi\u00e7\u00f5es de dar mais dignidade ao servidor que trabalha e para as pessoas que procuram atendimento. Est\u00e1 tudo novo, mas n\u00e3o tem valor se o paciente chegar e for mal recepcionado, atendido, informado, acolhido&#8221;, disse o chefe do Executivo gon\u00e7alense. <\/p>\n\n\n\n<p>As obras de manuten\u00e7\u00e3o modificaram a estrutura, que tamb\u00e9m foi ampliada, e contou com a verifica\u00e7\u00e3o das redes el\u00e9trica, hidr\u00e1ulica e telhado. Os ambientes ganharam pisos novos, pintura e mobili\u00e1rio e obedecem as normas e protocolos de instala\u00e7\u00e3o do Minist\u00e9rio da Sa\u00fade e da Anvisa: a RDC 50, que diz respeito aos ambientes; e a NBR 9050, sobre acessibilidade (rampa, piso t\u00e1til, barras, banheiros adaptados e com campainha de alerta, por exemplo).\u00a0\u00a0<\/p>\n\n\n\n<p>A amplia\u00e7\u00e3o se deu para instala\u00e7\u00e3o de recep\u00e7\u00e3o, copa para os profissionais e uma sala maior para fisioterapia e um almoxarifado. Toda a unidade foi modernizada sem que o atendimento fosse interrompido. As obras s\u00e3o uma determina\u00e7\u00e3o do prefeito Capit\u00e3o Nelson para que os pacientes tenham instala\u00e7\u00f5es mais humanizadas e consigam ser melhor acolhidos pelos funcion\u00e1rios.\u00a0<\/p>\n\n\n\n<p>&#8220;\u00c9 importante que os servidores atendam bem. Se n\u00e3o, tudo isso vai para o ralo. Ningu\u00e9m vai ver o adesivo, o computador, a parede pintada. Vai observar o atendimento ruim. Vamos tornar o acolhimento mais humano, um padr\u00e3o. A nossa popula\u00e7\u00e3o merece. H\u00e1 d\u00e9cadas, a sa\u00fade estava abandonada. Ningu\u00e9m se preocupava em melhorar. E, agora, a manuten\u00e7\u00e3o \u00e9 essencial para a gente dar continuidade \u00e0s revitaliza\u00e7\u00f5es das demais unidades de sa\u00fade\u201d, disse o prefeito Capit\u00e3o Nelson.\u00a0\u00a0<\/p>\n\n\n\n<p>Diferente das unidades b\u00e1sicas de sa\u00fade (USFs), o polo sanit\u00e1rio conta com especialidades m\u00e9dicas e profissionais multidisciplinares, al\u00e9m de servi\u00e7os diferenciados como troca de sonda e avalia\u00e7\u00e3o antropom\u00e9trica. Funcionando de segunda a sexta, das 8h \u00e0s 17h, o polo sanit\u00e1rio agenda as consultas para cl\u00ednica m\u00e9dica e pediatria direto na unidade. Alguns servi\u00e7os s\u00e3o realizados no mesmo dia e outros s\u00e3o agendados, como o eletrocardiograma e os exames laboratoriais de fezes, urina e sangue para o mesmo m\u00eas.\u00a0<\/p>\n\n\n\n<p>O secret\u00e1rio de Sa\u00fade, Dr. Gleison Rocha, reiterou a import\u00e2ncia do atendimento humanizado. \u201cA gente est\u00e1 conseguindo fazer a diferen\u00e7a na vida de v\u00e1rias pessoas. E, para quem faz sa\u00fade, a nossa miss\u00e3o \u00e9 essa, \u00e9 um dever fazer a diferen\u00e7a na vida das pessoas, tratar bem as pessoas, com carinho, com dignidade. N\u00e3o adianta ter tudo bonito e novo, se n\u00e3o tiver calor humano, se o paciente n\u00e3o for bem acolhido. Quando a gente vem na ponta e v\u00ea a empolga\u00e7\u00e3o de voc\u00eas, d\u00e1 mais incentivo ao nosso trabalho de continuar. Vemos que estamos no caminho certo. Os funcion\u00e1rios est\u00e3o motivados\u201d, finalizou Dr. Gleison.\u00a0\u00a0<\/p>\n\n\n\n<p>&nbsp;&nbsp;&nbsp;&nbsp;&nbsp;<strong>Regula\u00e7\u00e3o<\/strong>&nbsp;\u2013 As demais consultas para o polo sanit\u00e1rio s\u00e3o marcadas atrav\u00e9s da Central de Regula\u00e7\u00e3o da Secretaria. Para marcar, o gon\u00e7alense pode procurar qualquer unidade de sa\u00fade da rede municipal, independente se ser\u00e1 atendido naquele local. As unidades inserem os pacientes no sistema da Central de Regula\u00e7\u00e3o, que vai entrar em contato \u2013 atrav\u00e9s do telefone \u2013 para avisar sobre a marca\u00e7\u00e3o do servi\u00e7o, que ser\u00e1 agendado em local que for mais pr\u00f3ximo de sua resid\u00eancia.&nbsp;<\/p>\n\n\n\n<p>&nbsp;&nbsp;&nbsp;&nbsp;&nbsp;Por isso, \u00e9 muito importante que os pacientes mantenham um telefone que funcione e esteja atualizado no cadastro. O contato e endere\u00e7o do morador tamb\u00e9m podem ser atualizados em qualquer unidade de sa\u00fade.&nbsp;&nbsp;&nbsp;<\/p>\n\n\n\n<p><strong>Especialidades<\/strong><\/p>\n\n\n\n<p>Ginecologista<\/p>\n\n\n\n<p>Cl\u00ednica m\u00e9dica<\/p>\n\n\n\n<p>Urologista<\/p>\n\n\n\n<p>Pediatra<\/p>\n\n\n\n<p>Obstetra<\/p>\n\n\n\n<p>Dentista<\/p>\n\n\n\n<p>Fisioterapeuta<\/p>\n\n\n\n<p>Psicologia<\/p>\n\n\n\n<p><strong>Servi\u00e7os&nbsp;<\/strong><\/p>\n\n\n\n<p>Troca de sonda<\/p>\n\n\n\n<p>Curativo<\/p>\n\n\n\n<p>Teste r\u00e1pido das Infec\u00e7\u00f5es Sexualmente Transmiss\u00edveis (ISTs &#8211; s\u00edfilis, HIV e hepatites B e C)<\/p>\n\n\n\n<p>Coleta de sangue<\/p>\n\n\n\n<p>Exame de urina<\/p>\n\n\n\n<p>Exame de fezes<\/p>\n\n\n\n<p>Teste r\u00e1pido de gravidez (TIG)<\/p>\n\n\n\n<p>Vacina\u00e7\u00e3o de rotina, incluindo BCG&nbsp;<\/p>\n\n\n\n<p>Farm\u00e1cia<\/p>\n\n\n\n<p>Pr\u00e9-natal de baixo risco<\/p>\n\n\n\n<p>Puericultura<\/p>\n\n\n\n<p>Eletrocardiograma<\/p>\n\n\n\n<p>Verifica\u00e7\u00e3o de press\u00e3o<\/p>\n\n\n\n<p>Teste de glicemia<\/p>\n\n\n\n<p>Avalia\u00e7\u00e3o antropom\u00e9trica<\/p>\n\n\n\n<p>Teste do pezinho<\/p>\n\n\n\n<p><strong>Unidades da rede b\u00e1sica entregues:&nbsp;<\/strong><\/p>\n\n\n\n<p>1 &#8211; Santa Luzia&nbsp;<\/p>\n\n\n\n<p>2 &#8211; Robert Koch, Patronato&nbsp;<\/p>\n\n\n\n<p>3 &#8211; Mahatma Ghandi, Jardim Calif\u00f3rnia&nbsp;<\/p>\n\n\n\n<p>4 &#8211; Jos\u00e9 Avelino, Tribob\u00f3&nbsp;<\/p>\n\n\n\n<p>5 &#8211; Haroldo Pereira Nunes, Porto Novo&nbsp;<\/p>\n\n\n\n<p>6 &#8211; Barbosa Lima Sobrinho, Porto da Pedra&nbsp;<\/p>\n\n\n\n<p>7 &#8211; Badger da Silveira, Tribob\u00f3&nbsp;&nbsp;<\/p>\n\n\n\n<p>8 &#8211; Madre Tereza de Calcut\u00e1, Estrela do Norte&nbsp;<\/p>\n\n\n\n<p>9 &#8211; Jos\u00e9 Jorge Cortes Freitas, Itaitindiba&nbsp;<\/p>\n\n\n\n<p>10 &#8211; An\u00edbal Porto, Monjolos&nbsp;<\/p>\n\n\n\n<p>11 &#8211; Geremias de Mattos Fontes, Jardim Bom Retiro&nbsp;<\/p>\n\n\n\n<p>12 &#8211; Luiza de Marillac, Novo M\u00e9xico&nbsp;<\/p>\n\n\n\n<p>13 &#8211; Irm\u00e3 Dulce, Trindade&nbsp;&nbsp;<\/p>\n\n\n\n<p>14 &#8211; Hiparco Ferreira, Engenho do Ro\u00e7ado&nbsp;<\/p>\n\n\n\n<p>15 &#8211; Fl\u00e1vio Henrique de Brito, J\u00f3quei&nbsp;<\/p>\n\n\n\n<p>16 &#8211; Get\u00falio Vargas, Boa Vista&nbsp;<\/p>\n\n\n\n<p>17 &#8211; Candoza&nbsp;<\/p>\n\n\n\n<p>18 &#8211; Floren\u00e7a Helena Pereira, Largo da Ideia&nbsp;&nbsp;<\/p>\n\n\n\n<p>19 &#8211; Anaia&nbsp;<\/p>\n\n\n\n<p>20 &#8211; Victor Chimelly, Paiva&nbsp;<\/p>\n\n\n\n<p>21 &#8211; Tancredo Neves, Luiz Ca\u00e7ador&nbsp;<\/p>\n\n\n\n<p>22 &#8211; Neuza Goulart, em Palmeiras&nbsp;<\/p>\n\n\n\n<p>23 &#8211; Jos\u00e9 Bruno Neto, Boa Vista&nbsp;<\/p>\n\n\n\n<p>24 &#8211; Altair da Silva, Mutu\u00e1&nbsp;<\/p>\n\n\n\n<p>25 &#8211; Juvenil Francisco Ribeiro, Engenho Pequeno&nbsp;<\/p>\n\n\n\n<p>26 &#8211; Luiz Carlos Prestes, Santa Catarina&nbsp;<\/p>\n\n\n\n<p>27 &#8211; Adolfo Lutz, Amendoeira<\/p>\n\n\n\n<p>28 &#8211; Armando Le\u00e3o Ferreira, Morro do Castro&nbsp;<\/p>\n\n\n\n<p>29 &#8211; Bento da Cruz, Porto Novo&nbsp;<\/p>\n\n\n\n<p>30 &#8211; Louis Pasteur, Guaxindiba&nbsp;<\/p>\n\n\n\n<p>31 &#8211; Agenor Jos\u00e9 da Silva, Jardim Catarina&nbsp;<\/p>\n\n\n\n<p>32 &#8211; Doutel de Andrade, Maria Paula&nbsp;<\/p>\n\n\n\n<p>33 &#8211; Marechal C\u00e2ndido Rondon, Coluband\u00ea&nbsp;<\/p>\n\n\n\n<p>34 &#8211; Gladys Rodrigues Ramos Freitas, Santa Isabel&nbsp;<\/p>\n\n\n\n<p>35 &#8211; Cl\u00ednica Gon\u00e7alense do Coluband\u00ea<\/p>\n\n\n\n<p>36 &#8211; Bocayuva Cunha, Gradim<\/p>\n\n\n\n<p>37 &#8211; Roberto Silveira, Vista Alegre<\/p>\n\n\n\n<p>38 &#8211; Albert Sabin, Salgueiro&nbsp;<\/p>\n\n\n\n<p>39 &#8211; Elza Borges, Santa Luzia<\/p>\n\n\n\n<p>40 &#8211; Polo Sanit\u00e1rio Jorge Teixeira de Lima, Jardim Catarina<\/p>\n\n\n\n<p><strong>Postos em obra de revitaliza\u00e7\u00e3o e constru\u00e7\u00e3o<\/strong><\/p>\n\n\n\n<p>1 &#8211; Bandeirantes<\/p>\n\n\n\n<p>2 &#8211; Ita\u00fana&nbsp;<\/p>\n\n\n\n<p>3 &#8211; Josias Muniz, Rio do Ouro<\/p>\n\n\n\n<p>4 &#8211; Cl\u00ednica Lagoinha<\/p>\n\n\n\n<p>5 &#8211; Vista Alegre<\/p>\n\n\n\n<p>6 &#8211; David Capistrano, Ita\u00fana<\/p>\n\n\n\n<p>7 &#8211; \u00c1gua Mineral&nbsp;<\/p>\n\n\n\n<p>8 &#8211; Carlos Chagas, Fazenda dos Mineiros<\/p>\n\n\n\n<p>9 &#8211; Cl\u00ednica de Neves<\/p>\n\n\n\n<p>10 &#8211; Marileia Cardoso, J\u00f3quei.<\/p>\n\n\n\n<p><em>Fotos: Renan Otto<\/em><\/p>\n","protected":false},"excerpt":{"rendered":"<p>O prefeito de S\u00e3o Gon\u00e7alo, Capit\u00e3o Nelson, atrav\u00e9s da Secretaria Municipal de Sa\u00fade, entregou as obras de manuten\u00e7\u00e3o e revitaliza\u00e7\u00e3o&hellip;<\/p>\n","protected":false},"author":5,"featured_media":7899,"comment_status":"open","ping_status":"open","sticky":false,"template":"","format":"standard","meta":{"fifu_image_url":"","fifu_image_alt":"","footnotes":""},"categories":[7],"tags":[],"class_list":["post-7897","post","type-post","status-publish","format-standard","has-post-thumbnail","hentry","category-saude"],"_links":{"self":[{"href":"https:\/\/sgvaimudar.com.br\/index.php\/wp-json\/wp\/v2\/posts\/7897","targetHints":{"allow":["GET"]}}],"collection":[{"href":"https:\/\/sgvaimudar.com.br\/index.php\/wp-json\/wp\/v2\/posts"}],"about":[{"href":"https:\/\/sgvaimudar.com.br\/index.php\/wp-json\/wp\/v2\/types\/post"}],"author":[{"embeddable":true,"href":"https:\/\/sgvaimudar.com.br\/index.php\/wp-json\/wp\/v2\/users\/5"}],"replies":[{"embeddable":true,"href":"https:\/\/sgvaimudar.com.br\/index.php\/wp-json\/wp\/v2\/comments?post=7897"}],"version-history":[{"count":1,"href":"https:\/\/sgvaimudar.com.br\/index.php\/wp-json\/wp\/v2\/posts\/7897\/revisions"}],"predecessor-version":[{"id":7900,"href":"https:\/\/sgvaimudar.com.br\/index.php\/wp-json\/wp\/v2\/posts\/7897\/revisions\/7900"}],"wp:featuredmedia":[{"embeddable":true,"href":"https:\/\/sgvaimudar.com.br\/index.php\/wp-json\/wp\/v2\/media\/7899"}],"wp:attachment":[{"href":"https:\/\/sgvaimudar.com.br\/index.php\/wp-json\/wp\/v2\/media?parent=7897"}],"wp:term":[{"taxonomy":"category","embeddable":true,"href":"https:\/\/sgvaimudar.com.br\/index.php\/wp-json\/wp\/v2\/categories?post=7897"},{"taxonomy":"post_tag","embeddable":true,"href":"https:\/\/sgvaimudar.com.br\/index.php\/wp-json\/wp\/v2\/tags?post=7897"}],"curies":[{"name":"wp","href":"https:\/\/api.w.org\/{rel}","templated":true}]}}