{"id":7889,"date":"2024-06-21T09:58:14","date_gmt":"2024-06-21T12:58:14","guid":{"rendered":"https:\/\/sgvaimudar.com.br\/?p=7889"},"modified":"2024-06-21T09:58:14","modified_gmt":"2024-06-21T12:58:14","slug":"mesmo-apos-denuncias-do-mp-rj-alerj-decide-arquivar-processo-contra-deputada-lucinha","status":"publish","type":"post","link":"https:\/\/sgvaimudar.com.br\/index.php\/2024\/06\/21\/mesmo-apos-denuncias-do-mp-rj-alerj-decide-arquivar-processo-contra-deputada-lucinha\/","title":{"rendered":"Mesmo ap\u00f3s den\u00fancias do MP-RJ Alerj decide arquivar processo contra deputada Lucinha"},"content":{"rendered":"\n<p><em>Segundo a Justi\u00e7a, a parlamentar articulou como milicianos deveriam se comportar em uma reuni\u00e3o com a prefeitura do Rio<\/em><\/p>\n\n\n\n<p>A Comiss\u00e3o de \u00c9tica da Assembleia Legislativa do Rio (Alerj) formou maioria para o arquivamento do processo \u00e9tico-disciplinar\u00a0enfrentado pela deputada Lucinha (PSD), suspeita de envolvimento com a mil\u00edcia que atua na Zona Oeste. A sess\u00e3o aconteceu na \u00faltima quinta-feira (20) e transcorreu sob sigilo.<\/p>\n\n\n\n<p>Os deputados que entenderam que n\u00e3o houve quebra de decoro parlamentar foram:\u00a0Vin\u00edcius Cozzolino (Uni\u00e3o Brasil),\u00a0Renato Miranda (PL),\u00a0Cl\u00e1udio Caiado (PSD) e\u00a0J\u00falio Rocha (Agir). Contra Lucinha, votaram\u00a0Martha Rocha (PDT) e Dani Monteiro (Psol).<\/p>\n\n\n\n<p>O presidente do Conselho de \u00c9tica,\u00a0J\u00falio Rocha\u00a0disse que o colegiado \u201cn\u00e3o viu provas para que Lucinha perdesse o mandato, como a Justi\u00e7a tamb\u00e9m n\u00e3o teve materialidade para prend\u00ea-la\u201d. Sobre a reuni\u00e3o feita de forma fechada, ele disse que foi feita devido ao duplo grau de sigilo atribu\u00eddo pelo Poder Judici\u00e1rio.<\/p>\n\n\n\n<p>Na segunda-feira (17), o\u00a0Minist\u00e9rio P\u00fablico do Rio de Janeiro (MP-RJ) denunciou a deputada e sua ex-assessora parlamentar Ariane Afonso Lima, sob a acusa\u00e7\u00e3o de integrarem a mil\u00edcia chefiada por Luis Antonio da Silva Braga, o Zinho. De acordo com as investiga\u00e7\u00f5es, as duas faziam parte do n\u00facleo pol\u00edtico da organiza\u00e7\u00e3o criminosa.<\/p>\n","protected":false},"excerpt":{"rendered":"<p>Segundo a Justi\u00e7a, a parlamentar articulou como milicianos deveriam se comportar em uma reuni\u00e3o com a prefeitura do Rio A&hellip;<\/p>\n","protected":false},"author":5,"featured_media":7890,"comment_status":"open","ping_status":"open","sticky":false,"template":"","format":"standard","meta":{"fifu_image_url":"","fifu_image_alt":"","footnotes":""},"categories":[4],"tags":[],"class_list":["post-7889","post","type-post","status-publish","format-standard","has-post-thumbnail","hentry","category-brasil"],"_links":{"self":[{"href":"https:\/\/sgvaimudar.com.br\/index.php\/wp-json\/wp\/v2\/posts\/7889","targetHints":{"allow":["GET"]}}],"collection":[{"href":"https:\/\/sgvaimudar.com.br\/index.php\/wp-json\/wp\/v2\/posts"}],"about":[{"href":"https:\/\/sgvaimudar.com.br\/index.php\/wp-json\/wp\/v2\/types\/post"}],"author":[{"embeddable":true,"href":"https:\/\/sgvaimudar.com.br\/index.php\/wp-json\/wp\/v2\/users\/5"}],"replies":[{"embeddable":true,"href":"https:\/\/sgvaimudar.com.br\/index.php\/wp-json\/wp\/v2\/comments?post=7889"}],"version-history":[{"count":1,"href":"https:\/\/sgvaimudar.com.br\/index.php\/wp-json\/wp\/v2\/posts\/7889\/revisions"}],"predecessor-version":[{"id":7891,"href":"https:\/\/sgvaimudar.com.br\/index.php\/wp-json\/wp\/v2\/posts\/7889\/revisions\/7891"}],"wp:featuredmedia":[{"embeddable":true,"href":"https:\/\/sgvaimudar.com.br\/index.php\/wp-json\/wp\/v2\/media\/7890"}],"wp:attachment":[{"href":"https:\/\/sgvaimudar.com.br\/index.php\/wp-json\/wp\/v2\/media?parent=7889"}],"wp:term":[{"taxonomy":"category","embeddable":true,"href":"https:\/\/sgvaimudar.com.br\/index.php\/wp-json\/wp\/v2\/categories?post=7889"},{"taxonomy":"post_tag","embeddable":true,"href":"https:\/\/sgvaimudar.com.br\/index.php\/wp-json\/wp\/v2\/tags?post=7889"}],"curies":[{"name":"wp","href":"https:\/\/api.w.org\/{rel}","templated":true}]}}