{"id":7881,"date":"2024-06-21T09:32:05","date_gmt":"2024-06-21T12:32:05","guid":{"rendered":"https:\/\/sgvaimudar.com.br\/?p=7881"},"modified":"2024-06-22T08:18:52","modified_gmt":"2024-06-22T11:18:52","slug":"policiais-do-12obpm-prendem-lider-do-cv-no-caramujo","status":"publish","type":"post","link":"https:\/\/sgvaimudar.com.br\/index.php\/2024\/06\/21\/policiais-do-12obpm-prendem-lider-do-cv-no-caramujo\/","title":{"rendered":"Policiais do 12\u00baBPM prendem l\u00edder do CV no Caramujo"},"content":{"rendered":"\n<p><em>Bandido conhecido como <strong>Barba<\/strong> foi preso em flagrante<\/em><\/p>\n\n\n\n<p>Os policiais do servi\u00e7os reservado do 12\u00baBPM (Niter\u00f3i-Maric\u00e1), prenderam no final da manh\u00e3 desta quinta (20\/6), um homem acusado de ser o chefe do tr\u00e1fico do Complexo do Caramujo.<\/p>\n\n\n\n<p>Jaime Pontes da Silva, de 32 anos, mais conhecido como <strong>Barba<\/strong> \u00e9 uma das lideran\u00e7as da fac\u00e7\u00e3o criminosa Comando Vermelho (CV), estava escondido em um apartamento na comunidade, mas foi denunciado no Disque Den\u00fancia.<\/p>\n\n\n\n<p>Oriundo do Complexo do Alem\u00e3o, em Ramos, Zona Norte do Rio, ele foi preso no interior do Conjunto Habitacional do Minha Casa Minha Vida, do Caramujo, ap\u00f3s monitoramento de intelig\u00eancia realizada durante v\u00e1rios dias, e sem oferecer resist\u00eancia no ato da pris\u00e3o. \u00a0<\/p>\n\n\n\n<figure class=\"wp-block-embed is-type-rich is-provider-twitter wp-block-embed-twitter\"><div class=\"wp-block-embed__wrapper\">\n<blockquote class=\"twitter-tweet\" data-width=\"550\" data-dnt=\"true\"><p lang=\"pt\" dir=\"ltr\"><a href=\"https:\/\/twitter.com\/hashtag\/Pistola?src=hash&amp;ref_src=twsrc%5Etfw\">#Pistola<\/a>, dispositivo que permite tiros em rajada e grande quantidade de <a href=\"https:\/\/twitter.com\/hashtag\/drogas?src=hash&amp;ref_src=twsrc%5Etfw\">#drogas<\/a> foram apreendidos pelo <a href=\"https:\/\/twitter.com\/hashtag\/12BPM?src=hash&amp;ref_src=twsrc%5Etfw\">#12BPM<\/a>, h\u00e1 pouco, durante a\u00e7\u00e3o realizada no bairro Caramujo, <a href=\"https:\/\/twitter.com\/hashtag\/Niter%C3%B3i?src=hash&amp;ref_src=twsrc%5Etfw\">#Niter\u00f3i<\/a>. Um homem conhecido como &quot;Barba&quot; e apontado como o chefe do tr\u00e1fico na localidade foi preso em flagrante. <a href=\"https:\/\/t.co\/UL8cY0t8Uk\">pic.twitter.com\/UL8cY0t8Uk<\/a><\/p>&mdash; @pmerj (@PMERJ) <a href=\"https:\/\/twitter.com\/PMERJ\/status\/1803887762267083206?ref_src=twsrc%5Etfw\">June 20, 2024<\/a><\/blockquote><script async src=\"https:\/\/platform.twitter.com\/widgets.js\" charset=\"utf-8\"><\/script>\n<\/div><\/figure>\n\n\n\n<p>Com ele foram apreendidos os seguintes materiais: &#8211; 01 Pistola Gersan calibre 9mm com 14 muni\u00e7\u00f5es intactas;\u00a0\u00a001 Kit Roni (transforma a pistola numa submetralhadora), \u00a0962 pedras de crack; 960 pinos de coca\u00edna; 121 inv\u00f3lucros de haxixe e 38 trouxinhas de maconha. A ocorr\u00eancia foi registrada na 78\u00b0DP.<\/p>\n\n\n\n<p><strong>Foragido da pol\u00edcia \u00e9 preso na Engenhoca<\/strong><\/p>\n\n\n\n<p>Um criminoso foragido da Justi\u00e7a foi preso em flagrante na tarde desta quinta-feira (20), durante a\u00e7\u00e3o da pol\u00edcia no bairro Engenhoca. Segundo os agentes, com ele, estava uma pistola 9 mm e um r\u00e1dio transmissor.<\/p>\n\n\n\n<figure class=\"wp-block-embed is-type-rich is-provider-twitter wp-block-embed-twitter\"><div class=\"wp-block-embed__wrapper\">\n<blockquote class=\"twitter-tweet\" data-width=\"550\" data-dnt=\"true\"><p lang=\"pt\" dir=\"ltr\">Criminoso foragido da justi\u00e7a \u00e9 preso em flagrante por policiais do <a href=\"https:\/\/twitter.com\/hashtag\/12BPM?src=hash&amp;ref_src=twsrc%5Etfw\">#12BPM<\/a>, portando pistola 9 mm e r\u00e1dio transmissor, durante a\u00e7\u00e3o realizada no bairro Engenhoca &#8211; <a href=\"https:\/\/twitter.com\/hashtag\/Niter%C3%B3i?src=hash&amp;ref_src=twsrc%5Etfw\">#Niter\u00f3i<\/a>. <a href=\"https:\/\/t.co\/wY3DyI2SFl\">pic.twitter.com\/wY3DyI2SFl<\/a><\/p>&mdash; @pmerj (@PMERJ) <a href=\"https:\/\/twitter.com\/PMERJ\/status\/1803953529653985645?ref_src=twsrc%5Etfw\">June 21, 2024<\/a><\/blockquote><script async src=\"https:\/\/platform.twitter.com\/widgets.js\" charset=\"utf-8\"><\/script>\n<\/div><\/figure>\n\n\n\n<p>No barreto, na Zona Norte de Niter\u00f3i, nesta quinta-feira (20), policiais do&nbsp; 12\u00ba BPM (Niter\u00f3i), baseados em informa\u00e7\u00f5es do Disque Den\u00fancia, estiveram na Rua do Rumo, interior da Comunidade do Pires e prenderam um traficante de drogas em posse de 260 tiras de maconha, 100 pedras de crack, 95 pinos de coca\u00edna, 39 trouxinhas de skank, um r\u00e1dio transmissor e&nbsp;R$ 15,00 em dinheiro.&nbsp;<\/p>\n\n\n\n<figure class=\"wp-block-image size-full\"><img fetchpriority=\"high\" decoding=\"async\" width=\"938\" height=\"430\" src=\"https:\/\/sgvaimudar.com.br\/wp-content\/uploads\/2024\/06\/barreto.jpg\" alt=\"\" class=\"wp-image-7882\" srcset=\"https:\/\/sgvaimudar.com.br\/wp-content\/uploads\/2024\/06\/barreto.jpg 938w, https:\/\/sgvaimudar.com.br\/wp-content\/uploads\/2024\/06\/barreto-300x138.jpg 300w, https:\/\/sgvaimudar.com.br\/wp-content\/uploads\/2024\/06\/barreto-768x352.jpg 768w\" sizes=\"(max-width: 938px) 100vw, 938px\" \/><\/figure>\n\n\n\n<p>A ocorr\u00eancia foi registrada na 78\u00aa DP, onde o material ficou apreendido e o criminoso permaneceu detido por tr\u00e1fico de drogas.&nbsp;<\/p>\n\n\n\n<p>Ainda nesta quarta-feira (19), em Piratininga, Regi\u00e3o Oce\u00e2nica de Niter\u00f3i, policiais militares do 12\u00ba BPM (Niter\u00f3i-Maric\u00e1), com base em informa\u00e7\u00f5es do Disque Den\u00fancia sobre tr\u00e1fico de drogas, estiveram em opera\u00e7\u00e3o na Rua Doutor Paulo Gouveia, e prenderam dois suspeitos de estarem vendendo drogas.&nbsp;<\/p>\n\n\n\n<figure class=\"wp-block-image size-full\"><img decoding=\"async\" width=\"942\" height=\"406\" src=\"https:\/\/sgvaimudar.com.br\/wp-content\/uploads\/2024\/06\/pira19.jpg\" alt=\"\" class=\"wp-image-7887\" srcset=\"https:\/\/sgvaimudar.com.br\/wp-content\/uploads\/2024\/06\/pira19.jpg 942w, https:\/\/sgvaimudar.com.br\/wp-content\/uploads\/2024\/06\/pira19-300x129.jpg 300w, https:\/\/sgvaimudar.com.br\/wp-content\/uploads\/2024\/06\/pira19-768x331.jpg 768w\" sizes=\"(max-width: 942px) 100vw, 942px\" \/><\/figure>\n\n\n\n<p>Com eles, os policiais arrecadaram&nbsp;110 inv\u00f3lucros de maconha,&nbsp;60 pinos de coca\u00edna, 49 pedras de crack e um&nbsp;r\u00e1dio transmissor.&nbsp;<\/p>\n\n\n\n<p>Ap\u00f3s encerrarem as pris\u00f5es e apreens\u00f5es, os militares registraram a ocorr\u00eancia na 81\u00aa DP, onde o material ficou apreendido, um dos suspeitos permaneceu preso e o outro foi ouvido e liberado.&nbsp;<\/p>\n\n\n\n<p><strong><em><sup>S\u00e3o Gon\u00e7alo Vai Mudar. O Maior Portal da Cidade.<\/sup><\/em><\/strong><\/p>\n","protected":false},"excerpt":{"rendered":"<p>Bandido conhecido como Barba foi preso em flagrante Os policiais do servi\u00e7os reservado do 12\u00baBPM (Niter\u00f3i-Maric\u00e1), prenderam no final da&hellip;<\/p>\n","protected":false},"author":5,"featured_media":7883,"comment_status":"open","ping_status":"open","sticky":false,"template":"","format":"standard","meta":{"fifu_image_url":"","fifu_image_alt":"","footnotes":""},"categories":[32],"tags":[],"class_list":["post-7881","post","type-post","status-publish","format-standard","has-post-thumbnail","hentry","category-casos-de-policia"],"_links":{"self":[{"href":"https:\/\/sgvaimudar.com.br\/index.php\/wp-json\/wp\/v2\/posts\/7881","targetHints":{"allow":["GET"]}}],"collection":[{"href":"https:\/\/sgvaimudar.com.br\/index.php\/wp-json\/wp\/v2\/posts"}],"about":[{"href":"https:\/\/sgvaimudar.com.br\/index.php\/wp-json\/wp\/v2\/types\/post"}],"author":[{"embeddable":true,"href":"https:\/\/sgvaimudar.com.br\/index.php\/wp-json\/wp\/v2\/users\/5"}],"replies":[{"embeddable":true,"href":"https:\/\/sgvaimudar.com.br\/index.php\/wp-json\/wp\/v2\/comments?post=7881"}],"version-history":[{"count":3,"href":"https:\/\/sgvaimudar.com.br\/index.php\/wp-json\/wp\/v2\/posts\/7881\/revisions"}],"predecessor-version":[{"id":7918,"href":"https:\/\/sgvaimudar.com.br\/index.php\/wp-json\/wp\/v2\/posts\/7881\/revisions\/7918"}],"wp:featuredmedia":[{"embeddable":true,"href":"https:\/\/sgvaimudar.com.br\/index.php\/wp-json\/wp\/v2\/media\/7883"}],"wp:attachment":[{"href":"https:\/\/sgvaimudar.com.br\/index.php\/wp-json\/wp\/v2\/media?parent=7881"}],"wp:term":[{"taxonomy":"category","embeddable":true,"href":"https:\/\/sgvaimudar.com.br\/index.php\/wp-json\/wp\/v2\/categories?post=7881"},{"taxonomy":"post_tag","embeddable":true,"href":"https:\/\/sgvaimudar.com.br\/index.php\/wp-json\/wp\/v2\/tags?post=7881"}],"curies":[{"name":"wp","href":"https:\/\/api.w.org\/{rel}","templated":true}]}}