{"id":7860,"date":"2024-06-20T21:00:00","date_gmt":"2024-06-21T00:00:00","guid":{"rendered":"https:\/\/sgvaimudar.com.br\/?p=7860"},"modified":"2024-06-20T10:04:57","modified_gmt":"2024-06-20T13:04:57","slug":"educacao-goncalense-divulga-resultado-final-de-concurso","status":"publish","type":"post","link":"https:\/\/sgvaimudar.com.br\/index.php\/2024\/06\/20\/educacao-goncalense-divulga-resultado-final-de-concurso\/","title":{"rendered":"Educa\u00e7\u00e3o gon\u00e7alense divulga resultado final de concurso"},"content":{"rendered":"\n<p><em>Profissionais come\u00e7ar\u00e3o a ser convocados ainda neste m\u00eas<\/em><\/p>\n\n\n\n<p>O resultado final e a homologa\u00e7\u00e3o do concurso p\u00fablico para profissionais da Educa\u00e7\u00e3o de S\u00e3o Gon\u00e7alo para cargos de n\u00edveis fundamental e m\u00e9dio foram divulgados, nesta quarta-feira (19), no Di\u00e1rio Oficial do munic\u00edpio e no site\u00a0<a rel=\"noreferrer noopener\" href=\"https:\/\/click.cse360.com.br\/Click\/AddCampaignEmailClick\/8e861c4f-6ef6-4a14-0f5e-08dc8ed547ae\/http%253a%252f%252fwww.selecon.org.br%252f\/ac66966e-2b55-4484-fb2c-08dc491eed5f\/jornalistaws@gmail.com\/False\" target=\"_blank\">www.selecon.org.br<\/a>.<\/p>\n\n\n\n<p>Segundo a publica\u00e7\u00e3o, as convoca\u00e7\u00f5es come\u00e7ar\u00e3o ainda neste m\u00eas. S\u00e3o 277 vagas imediatas, al\u00e9m do cadastro de reserva, sendo reservado o percentual de 5% para candidatos PcD (Pessoa com Defici\u00eancia).\u00a0<\/p>\n\n\n\n<p>&#8220;As convoca\u00e7\u00f5es ser\u00e3o publicadas no Di\u00e1rio Oficial do munic\u00edpio, contendo o prazo para apresenta\u00e7\u00e3o do candidato convocado, sendo imprescind\u00edvel a apresenta\u00e7\u00e3o de exames e documentos descritos no edital&#8221;, disse a Prefeitura no texto. <\/p>\n\n\n\n<p>A partir da data de homologa\u00e7\u00e3o do resultado final, o concurso tem validade de dois anos, podendo ser prorrogado por igual per\u00edodo, a crit\u00e9rio do munic\u00edpio.<\/p>\n\n\n\n<p><strong>Documentos necess\u00e1rios para a posse (originais e c\u00f3pias):<\/strong><\/p>\n\n\n\n<p>\u2013 Atestado de Sa\u00fade expedido pela Inspe\u00e7\u00e3o M\u00e9dica;<\/p>\n\n\n\n<p>\u2013 RG;<\/p>\n\n\n\n<p>\u2013 CPF;<\/p>\n\n\n\n<p>\u2013 PIS\/PASEP, exceto para o primeiro emprego;<\/p>\n\n\n\n<p>-Titulo de eleitor;<\/p>\n\n\n\n<p>-Certid\u00e3o de Quita\u00e7\u00e3o e crime Eleitoral expedida pela Justi\u00e7a Eleitoral;<\/p>\n\n\n\n<p>\u2013 Certid\u00e3o de Casamento ou Senten\u00e7a Declarat\u00f3ria de Uni\u00e3o Est\u00e1vel ou Escritura p\u00fablica de Uni\u00e3o Est\u00e1vel;<\/p>\n\n\n\n<p>\u2013 Certid\u00e3o de Nascimento dos dependentes;<\/p>\n\n\n\n<p>\u2013 Documento e quita\u00e7\u00e3o com o servi\u00e7o militar ou certificado de desobriga\u00e7\u00e3o militar expedido pelo ex\u00e9rcito para homens com mais de 45 anos;<\/p>\n\n\n\n<p>\u2013 Comprovante de endere\u00e7o atual;<\/p>\n\n\n\n<p>\u2013 Certid\u00e3o Criminal Federal dos lugares onde tenha residido nos \u00faltimos 05 (cinco) anos. A certid\u00e3o deve alcan\u00e7ar as inst\u00e2ncias de 1.\u00b0 e 2.9 graus;<\/p>\n\n\n\n<p>\u2013 Certid\u00e3o Criminal da Justi\u00e7a Estadual dos lugares onde tenha residido nos \u00faltimos 05 (cinco) anos. A certid\u00e3o deve alcan\u00e7ar as inst\u00e2ncias de 1.9 e 2.9 graus;<\/p>\n\n\n\n<p>\u2013&nbsp;Diploma na \u00e1rea de atua\u00e7\u00e3o exigida no Edital, reconhecido pelo Minist\u00e9rio da Educa\u00e7\u00e3o (MEC);<\/p>\n\n\n\n<p>\u2013 Declara\u00e7\u00e3o de n\u00e3o ocupar ou receber proventos de aposentadoria de cargo, emprego ou fun\u00e7\u00e3o p\u00fablica, ressalvados os cargos acumul\u00e1veis previstos na CF\/88;<\/p>\n\n\n\n<p>\u2013 Declara\u00e7\u00e3o de que n\u00e3o foi demitido por justa causa ou em decorr\u00eancia de processo administrativo ou criminal;<\/p>\n\n\n\n<p>\u2013 Declara\u00e7\u00e3o de bens e valores que constituem seu patrim\u00f4nio e dos dependentes (IRRF):<\/p>\n\n\n\n<p>\u2013 Certid\u00f5es Negativas de penalidades do Estado do Rio de Janeiro e do MUNIC\u00cdPIO DE S\u00c3O GON\u00c7ALO-RJ:<\/p>\n\n\n\n<p>\u2013 Uma foto recente 3\u00d74.<\/p>\n\n\n\n<p><em>Fotos: Julio Diniz<\/em><\/p>\n","protected":false},"excerpt":{"rendered":"<p>Profissionais come\u00e7ar\u00e3o a ser convocados ainda neste m\u00eas O resultado final e a homologa\u00e7\u00e3o do concurso p\u00fablico para profissionais da&hellip;<\/p>\n","protected":false},"author":5,"featured_media":7861,"comment_status":"open","ping_status":"open","sticky":false,"template":"","format":"standard","meta":{"fifu_image_url":"","fifu_image_alt":"","footnotes":""},"categories":[3],"tags":[],"class_list":["post-7860","post","type-post","status-publish","format-standard","has-post-thumbnail","hentry","category-sao-goncalo"],"_links":{"self":[{"href":"https:\/\/sgvaimudar.com.br\/index.php\/wp-json\/wp\/v2\/posts\/7860","targetHints":{"allow":["GET"]}}],"collection":[{"href":"https:\/\/sgvaimudar.com.br\/index.php\/wp-json\/wp\/v2\/posts"}],"about":[{"href":"https:\/\/sgvaimudar.com.br\/index.php\/wp-json\/wp\/v2\/types\/post"}],"author":[{"embeddable":true,"href":"https:\/\/sgvaimudar.com.br\/index.php\/wp-json\/wp\/v2\/users\/5"}],"replies":[{"embeddable":true,"href":"https:\/\/sgvaimudar.com.br\/index.php\/wp-json\/wp\/v2\/comments?post=7860"}],"version-history":[{"count":1,"href":"https:\/\/sgvaimudar.com.br\/index.php\/wp-json\/wp\/v2\/posts\/7860\/revisions"}],"predecessor-version":[{"id":7862,"href":"https:\/\/sgvaimudar.com.br\/index.php\/wp-json\/wp\/v2\/posts\/7860\/revisions\/7862"}],"wp:featuredmedia":[{"embeddable":true,"href":"https:\/\/sgvaimudar.com.br\/index.php\/wp-json\/wp\/v2\/media\/7861"}],"wp:attachment":[{"href":"https:\/\/sgvaimudar.com.br\/index.php\/wp-json\/wp\/v2\/media?parent=7860"}],"wp:term":[{"taxonomy":"category","embeddable":true,"href":"https:\/\/sgvaimudar.com.br\/index.php\/wp-json\/wp\/v2\/categories?post=7860"},{"taxonomy":"post_tag","embeddable":true,"href":"https:\/\/sgvaimudar.com.br\/index.php\/wp-json\/wp\/v2\/tags?post=7860"}],"curies":[{"name":"wp","href":"https:\/\/api.w.org\/{rel}","templated":true}]}}