{"id":7854,"date":"2024-06-20T17:00:00","date_gmt":"2024-06-20T20:00:00","guid":{"rendered":"https:\/\/sgvaimudar.com.br\/?p=7854"},"modified":"2024-06-20T09:56:50","modified_gmt":"2024-06-20T12:56:50","slug":"inscricoes-abertas-para-nova-turma-do-lidera-mulher","status":"publish","type":"post","link":"https:\/\/sgvaimudar.com.br\/index.php\/2024\/06\/20\/inscricoes-abertas-para-nova-turma-do-lidera-mulher\/","title":{"rendered":"Inscri\u00e7\u00f5es abertas para nova turma do Lidera Mulher"},"content":{"rendered":"\n<p><em>Projeto chega \u00e0 d\u00e9cima primeira edi\u00e7\u00e3o qualificando empreendedoras<\/em><\/p>\n\n\n\n<p>A Subsecretaria de Pol\u00edticas P\u00fablicas para as Mulheres da Prefeitura de S\u00e3o Gon\u00e7alo abriu as inscri\u00e7\u00f5es para a 11\u00aa turma do Lidera Mulher, um projeto que capacita e qualifica para pr\u00e1ticas empreendedoras atrav\u00e9s de uma parceria com o Sebrae.<\/p>\n\n\n\n<p>O Lidera Mulher oferece aulas te\u00f3ricas gratuitas sobre formaliza\u00e7\u00e3o, administra\u00e7\u00e3o, planejamento de neg\u00f3cios, t\u00e9cnicas de vendas e uso das m\u00eddias sociais.<\/p>\n\n\n\n<p>As inscri\u00e7\u00f5es para o Projeto Lidera Mulher devem ser realizadas atrav\u00e9s do e-mail&nbsp;<a href=\"mailto:inscricaolideramulher@gmail.com\" rel=\"noreferrer noopener\" target=\"_blank\">inscricaolideramulher@gmail.com<\/a>&nbsp;ou nos espa\u00e7os f\u00edsicos do Lidera Mulher (3\u00ba piso do Partage Shopping) e na Feira da Mulher Empreendedora (Pra\u00e7a Dr. Luiz Palmier). As vagas s\u00e3o limitadas.<\/p>\n\n\n\n<p>A previs\u00e3o \u00e9 de que as aulas da nova turma comecem no dia 11 de julho. As aulas v\u00e3o acontecer durante as quintas-feiras, das 13h \u00e0s 17h, no Espa\u00e7o Mais Conhecimento do Shopping Partage.<\/p>\n\n\n\n<p>Com a finaliza\u00e7\u00e3o do curso, as mulheres ganham certificados e permanecem inseridas no projeto expondo seus produtos no Espa\u00e7o Lidera Mulher e na Feira da Mulher Empreendedora, dando, assim, visibilidade aos seus trabalhos.<\/p>\n","protected":false},"excerpt":{"rendered":"<p>Projeto chega \u00e0 d\u00e9cima primeira edi\u00e7\u00e3o qualificando empreendedoras A Subsecretaria de Pol\u00edticas P\u00fablicas para as Mulheres da Prefeitura de S\u00e3o&hellip;<\/p>\n","protected":false},"author":5,"featured_media":5825,"comment_status":"open","ping_status":"open","sticky":false,"template":"","format":"standard","meta":{"fifu_image_url":"","fifu_image_alt":"","footnotes":""},"categories":[3],"tags":[],"class_list":["post-7854","post","type-post","status-publish","format-standard","has-post-thumbnail","hentry","category-sao-goncalo"],"_links":{"self":[{"href":"https:\/\/sgvaimudar.com.br\/index.php\/wp-json\/wp\/v2\/posts\/7854","targetHints":{"allow":["GET"]}}],"collection":[{"href":"https:\/\/sgvaimudar.com.br\/index.php\/wp-json\/wp\/v2\/posts"}],"about":[{"href":"https:\/\/sgvaimudar.com.br\/index.php\/wp-json\/wp\/v2\/types\/post"}],"author":[{"embeddable":true,"href":"https:\/\/sgvaimudar.com.br\/index.php\/wp-json\/wp\/v2\/users\/5"}],"replies":[{"embeddable":true,"href":"https:\/\/sgvaimudar.com.br\/index.php\/wp-json\/wp\/v2\/comments?post=7854"}],"version-history":[{"count":1,"href":"https:\/\/sgvaimudar.com.br\/index.php\/wp-json\/wp\/v2\/posts\/7854\/revisions"}],"predecessor-version":[{"id":7855,"href":"https:\/\/sgvaimudar.com.br\/index.php\/wp-json\/wp\/v2\/posts\/7854\/revisions\/7855"}],"wp:featuredmedia":[{"embeddable":true,"href":"https:\/\/sgvaimudar.com.br\/index.php\/wp-json\/wp\/v2\/media\/5825"}],"wp:attachment":[{"href":"https:\/\/sgvaimudar.com.br\/index.php\/wp-json\/wp\/v2\/media?parent=7854"}],"wp:term":[{"taxonomy":"category","embeddable":true,"href":"https:\/\/sgvaimudar.com.br\/index.php\/wp-json\/wp\/v2\/categories?post=7854"},{"taxonomy":"post_tag","embeddable":true,"href":"https:\/\/sgvaimudar.com.br\/index.php\/wp-json\/wp\/v2\/tags?post=7854"}],"curies":[{"name":"wp","href":"https:\/\/api.w.org\/{rel}","templated":true}]}}