{"id":7806,"date":"2024-06-19T19:00:00","date_gmt":"2024-06-19T22:00:00","guid":{"rendered":"https:\/\/sgvaimudar.com.br\/?p=7806"},"modified":"2024-06-19T11:09:56","modified_gmt":"2024-06-19T14:09:56","slug":"bairro-do-rocha-comeca-a-receber-as-lampadas-de-led","status":"publish","type":"post","link":"https:\/\/sgvaimudar.com.br\/index.php\/2024\/06\/19\/bairro-do-rocha-comeca-a-receber-as-lampadas-de-led\/","title":{"rendered":"Bairro do Rocha come\u00e7a a receber as l\u00e2mpadas de Led"},"content":{"rendered":"\n<p><em>Mais de 39 mil l\u00e2mpadas comuns foram substitu\u00eddas pelas de LED no munic\u00edpio<\/em><\/p>\n\n\n\n<p>O programa Ilumina S\u00e3o Gon\u00e7alo chegou ao Rocha nesta segunda-feira (17). Ao todo, 400 postes do bairro ter\u00e3o suas l\u00e2mpadas comuns substitu\u00eddas pelas de LED, que iluminam com mais intensidade. Ao todo, j\u00e1 foram substitu\u00eddas mais de 39 mil l\u00e2mpadas em todo o munic\u00edpio, o que representa quase 60% dos mais de 66 mil pontos planejados. O programa tamb\u00e9m est\u00e1 sendo implementado nas l\u00e2mpadas da RJ-104 e da RJ-106, especificamente nos trechos que cortam o munic\u00edpio de S\u00e3o Gon\u00e7alo.<\/p>\n\n\n\n<figure class=\"wp-block-image size-large\"><img fetchpriority=\"high\" decoding=\"async\" width=\"1024\" height=\"684\" src=\"https:\/\/sgvaimudar.com.br\/wp-content\/uploads\/2024\/06\/unnamed-6-14-1024x684.jpg\" alt=\"\" class=\"wp-image-7810\" srcset=\"https:\/\/sgvaimudar.com.br\/wp-content\/uploads\/2024\/06\/unnamed-6-14-1024x684.jpg 1024w, https:\/\/sgvaimudar.com.br\/wp-content\/uploads\/2024\/06\/unnamed-6-14-300x200.jpg 300w, https:\/\/sgvaimudar.com.br\/wp-content\/uploads\/2024\/06\/unnamed-6-14-768x513.jpg 768w, https:\/\/sgvaimudar.com.br\/wp-content\/uploads\/2024\/06\/unnamed-6-14-1536x1027.jpg 1536w, https:\/\/sgvaimudar.com.br\/wp-content\/uploads\/2024\/06\/unnamed-6-14.jpg 1616w\" sizes=\"(max-width: 1024px) 100vw, 1024px\" \/><\/figure>\n\n\n\n<p>O prefeito Capit\u00e3o Nelson destacou a import\u00e2ncia do projeto para o munic\u00edpio. &#8220;O Ilumina d\u00e1 mais seguran\u00e7a e conforto para a popula\u00e7\u00e3o. Com as novas l\u00e2mpadas, conseguimos dar mais dignidade para as pessoas. Nosso objetivo \u00e9 transformar S\u00e3o Gon\u00e7alo. Aqui no Rocha, por exemplo, os postes que ficam ao redor da pra\u00e7a est\u00e3o recebendo as l\u00e2mpadas de LED, vamos deixar essa \u00e1rea de lazer mais iluminada para toda a popula\u00e7\u00e3o. Se o projeto n\u00e3o chegou no seu bairro, aguarde que ir\u00e1 chegar&#8221;, disse.<\/p>\n\n\n\n<p>Para a popula\u00e7\u00e3o do Rocha, a troca das l\u00e2mpadas \u00e9 motivo de felicidade. \u00c9 o que afirma o aposentado Paulo S\u00e9rgio Gomez, que mora no bairro h\u00e1 29 anos. &#8220;Eu conhe\u00e7o o projeto, j\u00e1 ouvi falar e acho que vai ser bem melhor para todos daqui do bairro. Agradecemos muito pela implanta\u00e7\u00e3o do projeto aqui. Na pra\u00e7a, por exemplo, vai ser melhor para as nossas crian\u00e7as&#8221;, afirmou.<\/p>\n\n\n\n<p>O Ilumina S\u00e3o Gon\u00e7alo j\u00e1 foi implantado de forma completa em mais de 40 localidades, sendo elas: Barro Vermelho, Boa Vista, Bandeirantes, Boa\u00e7u, Brasil\u00e2ndia, Coelho, Covanca, Fazenda dos Mineiros, Galo Branco, Gradim, Ipi\u00edba, Itaoca, Ita\u00fana, Jardim Calif\u00f3rnia, Jardim Catarina, Jardim Miriambi, J\u00f3quei, Lagoinha, Luiz Ca\u00e7ador, Morro do Castro, Neves, Novo M\u00e9xico, Pacheco, Paiva, Palmeira, Para\u00edso, Pita, Porto da Madama, Porto do Rosa, Porto Velho, Recanto das Ac\u00e1cias, Rosane, Salgueiro, Santa Izabel, Santa Luzia, Tiradentes, Tribob\u00f3, Trindade, Vila Iara, Vila Lage, Z\u00e9 Garoto.<\/p>\n\n\n\n<p>Durante o trabalho por todo o munic\u00edpio, est\u00e3o sendo utilizados mais de 20 caminh\u00f5es de ilumina\u00e7\u00e3o p\u00fablica. Antes, a cidade s\u00f3 contava com quatro caminh\u00f5es \u00e0 disposi\u00e7\u00e3o para atuar nos reparos e trocas de l\u00e2mpadas. Al\u00e9m das rotas estabelecidas pelo programa Ilumina S\u00e3o Gon\u00e7alo, seis ve\u00edculos s\u00e3o destinados ao atendimento das solicita\u00e7\u00f5es de manuten\u00e7\u00e3o dos postes que chegam via aplicativo Colab.<\/p>\n\n\n\n<p><em>Fotos: Renan Otto<\/em><\/p>\n","protected":false},"excerpt":{"rendered":"<p>Mais de 39 mil l\u00e2mpadas comuns foram substitu\u00eddas pelas de LED no munic\u00edpio O programa Ilumina S\u00e3o Gon\u00e7alo chegou ao&hellip;<\/p>\n","protected":false},"author":5,"featured_media":7808,"comment_status":"open","ping_status":"open","sticky":false,"template":"","format":"standard","meta":{"fifu_image_url":"","fifu_image_alt":"","footnotes":""},"categories":[3],"tags":[],"class_list":["post-7806","post","type-post","status-publish","format-standard","has-post-thumbnail","hentry","category-sao-goncalo"],"_links":{"self":[{"href":"https:\/\/sgvaimudar.com.br\/index.php\/wp-json\/wp\/v2\/posts\/7806","targetHints":{"allow":["GET"]}}],"collection":[{"href":"https:\/\/sgvaimudar.com.br\/index.php\/wp-json\/wp\/v2\/posts"}],"about":[{"href":"https:\/\/sgvaimudar.com.br\/index.php\/wp-json\/wp\/v2\/types\/post"}],"author":[{"embeddable":true,"href":"https:\/\/sgvaimudar.com.br\/index.php\/wp-json\/wp\/v2\/users\/5"}],"replies":[{"embeddable":true,"href":"https:\/\/sgvaimudar.com.br\/index.php\/wp-json\/wp\/v2\/comments?post=7806"}],"version-history":[{"count":1,"href":"https:\/\/sgvaimudar.com.br\/index.php\/wp-json\/wp\/v2\/posts\/7806\/revisions"}],"predecessor-version":[{"id":7811,"href":"https:\/\/sgvaimudar.com.br\/index.php\/wp-json\/wp\/v2\/posts\/7806\/revisions\/7811"}],"wp:featuredmedia":[{"embeddable":true,"href":"https:\/\/sgvaimudar.com.br\/index.php\/wp-json\/wp\/v2\/media\/7808"}],"wp:attachment":[{"href":"https:\/\/sgvaimudar.com.br\/index.php\/wp-json\/wp\/v2\/media?parent=7806"}],"wp:term":[{"taxonomy":"category","embeddable":true,"href":"https:\/\/sgvaimudar.com.br\/index.php\/wp-json\/wp\/v2\/categories?post=7806"},{"taxonomy":"post_tag","embeddable":true,"href":"https:\/\/sgvaimudar.com.br\/index.php\/wp-json\/wp\/v2\/tags?post=7806"}],"curies":[{"name":"wp","href":"https:\/\/api.w.org\/{rel}","templated":true}]}}