{"id":7797,"date":"2024-06-19T15:00:00","date_gmt":"2024-06-19T18:00:00","guid":{"rendered":"https:\/\/sgvaimudar.com.br\/?p=7797"},"modified":"2024-06-19T10:01:04","modified_gmt":"2024-06-19T13:01:04","slug":"goncalenses-se-preparam-para-6a-conferencia-municipal-das-cidades","status":"publish","type":"post","link":"https:\/\/sgvaimudar.com.br\/index.php\/2024\/06\/19\/goncalenses-se-preparam-para-6a-conferencia-municipal-das-cidades\/","title":{"rendered":"Gon\u00e7alenses se preparam para 6\u00aa Confer\u00eancia Municipal das Cidades"},"content":{"rendered":"\n<p><em>Encontro vai acontecer nos dias 2 e 3 de julho<\/em><\/p>\n\n\n\n<p>As inscri\u00e7\u00f5es para a 6\u00aa Confer\u00eancia Municipal das Cidades, promovida pela Secretaria de Habita\u00e7\u00e3o da Prefeitura de S\u00e3o Gon\u00e7alo, que vai acontecer nos dias 2 e 3 de julho, das 13h \u00e0s 19h e das 8h \u00e0s 19h, respectivamente, no Sest\/Senat, do bairro Tribob\u00f3, est\u00e3o abertas.\u00a0<\/p>\n\n\n\n<p>As inscri\u00e7\u00f5es para delegados devem ser feitas atrav\u00e9s do link&nbsp;<a href=\"https:\/\/click.cse360.com.br\/Click\/AddCampaignEmailClick\/11caac54-39aa-40dd-5a4e-08dc8ed60b1b\/https%253a%252f%252fforms.gle%252fkon5mDtop3awRff17\/ac66966e-2b55-4484-fb2c-08dc491eed5f\/jornalistaws@gmail.com\/False\" rel=\"noreferrer noopener\" target=\"_blank\"><u>https:\/\/forms.gle\/kon5mDtop3awRff17<\/u><\/a>&nbsp;e para observadores pelo link&nbsp;<a href=\"https:\/\/click.cse360.com.br\/Click\/AddCampaignEmailClick\/11caac54-39aa-40dd-5a4e-08dc8ed60b1b\/https%253a%252f%252fforms.gle%252fYxpSK7tLsFbWFbVQ6\/ac66966e-2b55-4484-fb2c-08dc491eed5f\/jornalistaws@gmail.com\/False\" rel=\"noreferrer noopener\" target=\"_blank\"><u>https:\/\/forms.gle\/YxpSK7tLsFbWFbVQ6<\/u><\/a>&nbsp;at\u00e9 a pr\u00f3xima segunda-feira (24).&nbsp;<\/p>\n\n\n\n<p>Nesta edi\u00e7\u00e3o, o tema central da Confer\u00eancia ser\u00e1 \u201cConstruindo a Pol\u00edtica Nacional de Desenvolvimento Urbano: Caminhos para cidades inclusivas, democr\u00e1ticas, sustent\u00e1veis e com justi\u00e7a social\u201d.<\/p>\n\n\n\n<p>A reuni\u00e3o ser\u00e1 uma etapa preparat\u00f3ria para a 6\u00aa Confer\u00eancia Estadual da Cidade do Rio de Janeiro e para a 6\u00aa Confer\u00eancia Nacional das Cidades.&nbsp;<\/p>\n\n\n\n<p>O objetivo da confer\u00eancia \u00e9 fortalecer a participa\u00e7\u00e3o social na formula\u00e7\u00e3o de pol\u00edticas p\u00fablicas efetivas, destinadas ao desenvolvimento urbano, \u00e0 habita\u00e7\u00e3o, aos territ\u00f3rios perif\u00e9ricos, \u00e0 mobilidade urbana e ao saneamento b\u00e1sico, voltada \u00e0 elabora\u00e7\u00e3o de propostas locais que ser\u00e3o aprimoradas sob a perspectiva de v\u00e1rias escalas, de comunit\u00e1ria \u00e0 nacional.<\/p>\n\n\n\n<p>A expectativa \u00e9 de que, durante a confer\u00eancia, ocorra tamb\u00e9m a aprova\u00e7\u00e3o de quatro a oito propostas que impactem diretamente na transforma\u00e7\u00e3o positiva da realidade local. Estas propostas ser\u00e3o encaminhadas \u00e0 Confer\u00eancia Estadual, com vistas \u00e0 Confer\u00eancia Nacional.<\/p>\n","protected":false},"excerpt":{"rendered":"<p>Encontro vai acontecer nos dias 2 e 3 de julho As inscri\u00e7\u00f5es para a 6\u00aa Confer\u00eancia Municipal das Cidades, promovida&hellip;<\/p>\n","protected":false},"author":5,"featured_media":7798,"comment_status":"open","ping_status":"open","sticky":false,"template":"","format":"standard","meta":{"fifu_image_url":"","fifu_image_alt":"","footnotes":""},"categories":[3],"tags":[],"class_list":["post-7797","post","type-post","status-publish","format-standard","has-post-thumbnail","hentry","category-sao-goncalo"],"_links":{"self":[{"href":"https:\/\/sgvaimudar.com.br\/index.php\/wp-json\/wp\/v2\/posts\/7797","targetHints":{"allow":["GET"]}}],"collection":[{"href":"https:\/\/sgvaimudar.com.br\/index.php\/wp-json\/wp\/v2\/posts"}],"about":[{"href":"https:\/\/sgvaimudar.com.br\/index.php\/wp-json\/wp\/v2\/types\/post"}],"author":[{"embeddable":true,"href":"https:\/\/sgvaimudar.com.br\/index.php\/wp-json\/wp\/v2\/users\/5"}],"replies":[{"embeddable":true,"href":"https:\/\/sgvaimudar.com.br\/index.php\/wp-json\/wp\/v2\/comments?post=7797"}],"version-history":[{"count":1,"href":"https:\/\/sgvaimudar.com.br\/index.php\/wp-json\/wp\/v2\/posts\/7797\/revisions"}],"predecessor-version":[{"id":7799,"href":"https:\/\/sgvaimudar.com.br\/index.php\/wp-json\/wp\/v2\/posts\/7797\/revisions\/7799"}],"wp:featuredmedia":[{"embeddable":true,"href":"https:\/\/sgvaimudar.com.br\/index.php\/wp-json\/wp\/v2\/media\/7798"}],"wp:attachment":[{"href":"https:\/\/sgvaimudar.com.br\/index.php\/wp-json\/wp\/v2\/media?parent=7797"}],"wp:term":[{"taxonomy":"category","embeddable":true,"href":"https:\/\/sgvaimudar.com.br\/index.php\/wp-json\/wp\/v2\/categories?post=7797"},{"taxonomy":"post_tag","embeddable":true,"href":"https:\/\/sgvaimudar.com.br\/index.php\/wp-json\/wp\/v2\/tags?post=7797"}],"curies":[{"name":"wp","href":"https:\/\/api.w.org\/{rel}","templated":true}]}}