{"id":7783,"date":"2024-06-19T09:37:14","date_gmt":"2024-06-19T12:37:14","guid":{"rendered":"https:\/\/sgvaimudar.com.br\/?p=7783"},"modified":"2024-06-19T09:51:52","modified_gmt":"2024-06-19T12:51:52","slug":"evento-de-lancamento-da-pre-candidatura-de-politico-de-marica-em-sao-goncalo-repercute-mal-nas-redes-sociais","status":"publish","type":"post","link":"https:\/\/sgvaimudar.com.br\/index.php\/2024\/06\/19\/evento-de-lancamento-da-pre-candidatura-de-politico-de-marica-em-sao-goncalo-repercute-mal-nas-redes-sociais\/","title":{"rendered":"Evento de lan\u00e7amento da pr\u00e9-candidatura de pol\u00edtico de Maric\u00e1 em S\u00e3o Gon\u00e7alo repercute mal nas redes sociais"},"content":{"rendered":"\n<p>O evento de lan\u00e7amento da pr\u00e9-candidatura do deputado federal Dimas Gadelha do PT, na pr\u00f3xima sexta-feira (21\/6), no Clube Mau\u00e1, repercutiu mal nas redes sociais. Nenhum apoiador do candidato derrotado se posicionou ao contr\u00e1rio de cr\u00edticos que comentaram o assunto nas redes sociais dele pr\u00f3prio, colocando o evento entre os temas mais desaprovado na rede.<\/p>\n\n\n\n<p>Ainda antes do in\u00edcio do ato, internautas que dizem n\u00e3o aquentar mais a pol\u00edtica petista em S\u00e3o Gon\u00e7alo come\u00e7aram a compartilhar a hatstag #ForaDimas num site de not\u00edcias e colocaram para fora toda a indigna\u00e7\u00e3o contra a pr\u00e9-campanha do pol\u00edtico que j\u00e1 foi um dos alvos de uma opera\u00e7\u00e3o da Pol\u00edcia Federal (PF).<\/p>\n\n\n\n<p>&#8220;Sai fora daqui, S\u00e3o Gon\u00e7alo n\u00e3o merece voc\u00ea&#8221;, afirmou na postagem um internauta. J\u00e1 outro disse que &#8220;O pr\u00e9-candidato petista n\u00e3o vai arrumar mais nada em S\u00e3o Gon\u00e7alo&#8221; e apontou as benfeitorias da atual gest\u00e3o do prefeito Capit\u00e3o Nelson. <\/p>\n\n\n\n<p>Durante todo dia o lugar foi ocupado pela hatstag #VoltaPraMarica, levantada por eleitores contr\u00e1rios ao petista.&nbsp;O parlamentar que obteve 183.811 votos na elei\u00e7\u00e3o municipal de 2020, ter\u00e1 apoio do PV, PCdoB, PSB, PSD e tamb\u00e9m do PDT.<\/p>\n\n\n\n<p><\/p>\n","protected":false},"excerpt":{"rendered":"<p>O evento de lan\u00e7amento da pr\u00e9-candidatura do deputado federal Dimas Gadelha do PT, na pr\u00f3xima sexta-feira (21\/6), no Clube Mau\u00e1,&hellip;<\/p>\n","protected":false},"author":5,"featured_media":7784,"comment_status":"open","ping_status":"open","sticky":false,"template":"","format":"standard","meta":{"fifu_image_url":"","fifu_image_alt":"","footnotes":""},"categories":[3],"tags":[],"class_list":["post-7783","post","type-post","status-publish","format-standard","has-post-thumbnail","hentry","category-sao-goncalo"],"_links":{"self":[{"href":"https:\/\/sgvaimudar.com.br\/index.php\/wp-json\/wp\/v2\/posts\/7783","targetHints":{"allow":["GET"]}}],"collection":[{"href":"https:\/\/sgvaimudar.com.br\/index.php\/wp-json\/wp\/v2\/posts"}],"about":[{"href":"https:\/\/sgvaimudar.com.br\/index.php\/wp-json\/wp\/v2\/types\/post"}],"author":[{"embeddable":true,"href":"https:\/\/sgvaimudar.com.br\/index.php\/wp-json\/wp\/v2\/users\/5"}],"replies":[{"embeddable":true,"href":"https:\/\/sgvaimudar.com.br\/index.php\/wp-json\/wp\/v2\/comments?post=7783"}],"version-history":[{"count":3,"href":"https:\/\/sgvaimudar.com.br\/index.php\/wp-json\/wp\/v2\/posts\/7783\/revisions"}],"predecessor-version":[{"id":7796,"href":"https:\/\/sgvaimudar.com.br\/index.php\/wp-json\/wp\/v2\/posts\/7783\/revisions\/7796"}],"wp:featuredmedia":[{"embeddable":true,"href":"https:\/\/sgvaimudar.com.br\/index.php\/wp-json\/wp\/v2\/media\/7784"}],"wp:attachment":[{"href":"https:\/\/sgvaimudar.com.br\/index.php\/wp-json\/wp\/v2\/media?parent=7783"}],"wp:term":[{"taxonomy":"category","embeddable":true,"href":"https:\/\/sgvaimudar.com.br\/index.php\/wp-json\/wp\/v2\/categories?post=7783"},{"taxonomy":"post_tag","embeddable":true,"href":"https:\/\/sgvaimudar.com.br\/index.php\/wp-json\/wp\/v2\/tags?post=7783"}],"curies":[{"name":"wp","href":"https:\/\/api.w.org\/{rel}","templated":true}]}}