{"id":7766,"date":"2024-06-18T18:00:00","date_gmt":"2024-06-18T21:00:00","guid":{"rendered":"https:\/\/sgvaimudar.com.br\/?p=7766"},"modified":"2024-06-18T09:44:46","modified_gmt":"2024-06-18T12:44:46","slug":"novas-redes-de-drenagem-chegam-no-paraiso-gracas-as-obras-do-muvi","status":"publish","type":"post","link":"https:\/\/sgvaimudar.com.br\/index.php\/2024\/06\/18\/novas-redes-de-drenagem-chegam-no-paraiso-gracas-as-obras-do-muvi\/","title":{"rendered":"Novas redes de drenagem chegam no Para\u00edso gra\u00e7as as obras do Muvi"},"content":{"rendered":"\n<p><em>Interven\u00e7\u00f5es s\u00e3o feitas na Rua Comandante Ari Parreiras<\/em><\/p>\n\n\n\n<p>A parceria entre o Governo do Estado do Rio de Janeiro, atrav\u00e9s da Secretaria das Cidades, e a Prefeitura de S\u00e3o Gon\u00e7alo na execu\u00e7\u00e3o das obras do Mobilidade Urbana Verde Integrada (Muvi) realiza avan\u00e7os nas interven\u00e7\u00f5es de drenagem nas principais vias da cidade.\u00a0O projeto vai receber mais de R$ 287 milh\u00f5es em investimentos que ir\u00e3o transformar S\u00e3o Gon\u00e7alo de uma ponta a outra.<\/p>\n\n\n\n<figure class=\"wp-block-image size-full\"><img fetchpriority=\"high\" decoding=\"async\" width=\"1024\" height=\"683\" src=\"https:\/\/sgvaimudar.com.br\/wp-content\/uploads\/2024\/06\/unnamed-11-5.jpg\" alt=\"\" class=\"wp-image-7767\" srcset=\"https:\/\/sgvaimudar.com.br\/wp-content\/uploads\/2024\/06\/unnamed-11-5.jpg 1024w, https:\/\/sgvaimudar.com.br\/wp-content\/uploads\/2024\/06\/unnamed-11-5-300x200.jpg 300w, https:\/\/sgvaimudar.com.br\/wp-content\/uploads\/2024\/06\/unnamed-11-5-768x512.jpg 768w\" sizes=\"(max-width: 1024px) 100vw, 1024px\" \/><\/figure>\n\n\n\n<p>Atualmente, a frente de obras para a instala\u00e7\u00e3o de nova rede de drenagem est\u00e1 na Rua Comandante Ari Parreiras, no bairro Para\u00edso. M\u00e1quinas pesadas e oper\u00e1rios do Governo do Estado atuam em ritmo acelerado para minimizar os transtornos para a popula\u00e7\u00e3o gon\u00e7alense. O objetivo \u00e9 combater alagamentos em pontos cr\u00edticos, a partir de uma obra elaborada para atender a cidade a longo prazo.&nbsp;<\/p>\n\n\n\n<p>O desvio do tr\u00e1fego para os motoristas que seguem no sentido Neves est\u00e1 sendo feito pela Travessa Mira, na altura do Posto Para\u00edso, seguindo pela Rua Fontes, que tamb\u00e9m foi completamente reformulada, com a constru\u00e7\u00e3o de rede de drenagem, novo cal\u00e7amento e pavimenta\u00e7\u00e3o.&nbsp;<\/p>\n\n\n\n<p>&#8220;Tudo tem seu custo e para uma obra grande como essa, n\u00e3o \u00e9 diferente. Acredito que tudo que venha beneficiar os moradores \u00e9 bem-vindo. Os transtornos das obras s\u00e3o passageiros, mas devemos pensar no resultado final&#8221;, disse Dalva Carvalho, de 67 anos, moradora da Rua Fel\u00edcio Palmier.&nbsp;<\/p>\n\n\n\n<p>Trechos da Avenida Presidente Kennedy, no Centro da cidade , j\u00e1 est\u00e3o com as obras avan\u00e7adas. Na altura do Clube Tamoio, j\u00e1 est\u00e3o na fase final as interven\u00e7\u00f5es de drenagem, com toda tubula\u00e7\u00e3o&nbsp;instalada e recebendo novo asfalto. No Vila Lage, as obras de drenagem e pavimenta\u00e7\u00e3o j\u00e1 foram conclu\u00eddas.<\/p>\n\n\n\n<p>Segundo a Prefeitura, o Muvi \u00e9 o maior projeto de mobilidade urbana j\u00e1 realizado na cidade de S\u00e3o Gon\u00e7alo. As obras s\u00e3o\u00a0executadas atrav\u00e9s\u00a0da Secretaria de Estado das Cidades, em parceria com a Prefeitura de S\u00e3o Gon\u00e7alo. <\/p>\n\n\n\n<p>&#8220;O projeto foi elaborado pela Secretaria Municipal de Gest\u00e3o Integrada e Projetos Especiais (Semgipe) e prev\u00ea a cria\u00e7\u00e3o de um novo corredor vi\u00e1rio, com pistas preferenciais de \u00f4nibus e ciclovia, ligando o bairro de Neves a Guaxindiba, trecho onde s\u00e3o previstas v\u00e1rias interven\u00e7\u00f5es urban\u00edsticas e de paisagismo.\u00a0Com investimento de R$ 262 milh\u00f5es, o corredor ter\u00e1 32 esta\u00e7\u00f5es, cortando 13 bairros em 18 quil\u00f4metros de extens\u00e3o&#8221;, concluiu o Executivo no texto.<\/p>\n\n\n\n<p><em>Fotos: Fabio Guimar\u00e3es<\/em><\/p>\n","protected":false},"excerpt":{"rendered":"<p>Interven\u00e7\u00f5es s\u00e3o feitas na Rua Comandante Ari Parreiras A parceria entre o Governo do Estado do Rio de Janeiro, atrav\u00e9s&hellip;<\/p>\n","protected":false},"author":5,"featured_media":7768,"comment_status":"open","ping_status":"open","sticky":false,"template":"","format":"standard","meta":{"fifu_image_url":"","fifu_image_alt":"","footnotes":""},"categories":[3],"tags":[],"class_list":["post-7766","post","type-post","status-publish","format-standard","has-post-thumbnail","hentry","category-sao-goncalo"],"_links":{"self":[{"href":"https:\/\/sgvaimudar.com.br\/index.php\/wp-json\/wp\/v2\/posts\/7766","targetHints":{"allow":["GET"]}}],"collection":[{"href":"https:\/\/sgvaimudar.com.br\/index.php\/wp-json\/wp\/v2\/posts"}],"about":[{"href":"https:\/\/sgvaimudar.com.br\/index.php\/wp-json\/wp\/v2\/types\/post"}],"author":[{"embeddable":true,"href":"https:\/\/sgvaimudar.com.br\/index.php\/wp-json\/wp\/v2\/users\/5"}],"replies":[{"embeddable":true,"href":"https:\/\/sgvaimudar.com.br\/index.php\/wp-json\/wp\/v2\/comments?post=7766"}],"version-history":[{"count":1,"href":"https:\/\/sgvaimudar.com.br\/index.php\/wp-json\/wp\/v2\/posts\/7766\/revisions"}],"predecessor-version":[{"id":7769,"href":"https:\/\/sgvaimudar.com.br\/index.php\/wp-json\/wp\/v2\/posts\/7766\/revisions\/7769"}],"wp:featuredmedia":[{"embeddable":true,"href":"https:\/\/sgvaimudar.com.br\/index.php\/wp-json\/wp\/v2\/media\/7768"}],"wp:attachment":[{"href":"https:\/\/sgvaimudar.com.br\/index.php\/wp-json\/wp\/v2\/media?parent=7766"}],"wp:term":[{"taxonomy":"category","embeddable":true,"href":"https:\/\/sgvaimudar.com.br\/index.php\/wp-json\/wp\/v2\/categories?post=7766"},{"taxonomy":"post_tag","embeddable":true,"href":"https:\/\/sgvaimudar.com.br\/index.php\/wp-json\/wp\/v2\/tags?post=7766"}],"curies":[{"name":"wp","href":"https:\/\/api.w.org\/{rel}","templated":true}]}}