{"id":7743,"date":"2024-06-18T08:46:39","date_gmt":"2024-06-18T11:46:39","guid":{"rendered":"https:\/\/sgvaimudar.com.br\/?p=7743"},"modified":"2024-06-18T08:47:41","modified_gmt":"2024-06-18T11:47:41","slug":"sao-goncalo-marca-presenca-em-nova-competicao-nacional-de-jiu-jitsu","status":"publish","type":"post","link":"https:\/\/sgvaimudar.com.br\/index.php\/2024\/06\/18\/sao-goncalo-marca-presenca-em-nova-competicao-nacional-de-jiu-jitsu\/","title":{"rendered":"S\u00e3o Gon\u00e7alo marca presen\u00e7a em nova competi\u00e7\u00e3o nacional de Jiu-J\u00edtsu"},"content":{"rendered":"\n<p><em>Cinco atletas viajam para S\u00e3o Paulo com aux\u00edlio da Prefeitura nesta sexta (21)<\/em><\/p>\n\n\n\n<p>Mais cinco atletas ter\u00e3o a oportunidade de participar de uma competi\u00e7\u00e3o esportiva nacional gra\u00e7as ao \u201cAux\u00edlio ao Atleta Gon\u00e7alense\u201d, benef\u00edcio concedido pela Secretaria de Esporte e Lazer da Prefeitura de S\u00e3o Gon\u00e7alo.&nbsp;<\/p>\n\n\n\n<p>Os atletas viajam para S\u00e3o Paulo, nesta sexta-feira (21), para participar do Campeonato Brasileiro de Jiu-Jitsu, para crian\u00e7as de 4 a 15 anos, que acontece na cidade de Barueri, entre os dias 22 e 23 de junho. O evento, organizado pela Confedera\u00e7\u00e3o Brasileira da modalidade (CBJJ), \u00e9 a competi\u00e7\u00e3o mais importante do esporte no pa\u00eds.<\/p>\n\n\n\n<p>\u201c\u00c9 muito satisfat\u00f3rio poder proporcionar essas oportunidades para os atletas da nossa cidade. Desde a implementa\u00e7\u00e3o da lei do Aux\u00edlio ao Atleta Gon\u00e7alense, no ano passado, temos conseguido aumentar a participa\u00e7\u00e3o de atletas gon\u00e7alenses em competi\u00e7\u00f5es nacionais e internacionais, e muitos deles retornam para nossa cidade com a medalha no pesco\u00e7o\u201d, disse o secret\u00e1rio de Esporte e Lazer, Diego Andrade.&nbsp;<\/p>\n\n\n\n<p>Receberam o aux\u00edlio Luan Borel, Sthefany dos Santos, Lorena Madelon, Alice Pereira e Alice Maria Clara de Jesus, que viajam em busca de colocar S\u00e3o Gon\u00e7alo no lugar mais alto do p\u00f3dio.&nbsp;<\/p>\n\n\n\n<p>\u201cA iniciativa da Prefeitura veio para somar aos nossos esfor\u00e7os di\u00e1rios. \u00c9 uma iniciativa de excel\u00eancia para nossos filhos e, com o benef\u00edcio, fica mais vi\u00e1vel manter a carreira de atleta de alto rendimento, pois os custos s\u00e3o alt\u00edssimos com passagens, hospedagens e inscri\u00e7\u00f5es\u201d, afirmou M\u00f4nica Pereira, m\u00e3e do Luan, que vai competir na categoria infanto juvenil 3 pluma.<\/p>\n\n\n\n<p>Podem participar do \u201cAux\u00edlio ao Atleta Gon\u00e7alense\u201d esportistas de alto rendimento de todas as modalidades esportivas, filiados \u00e0 Confedera\u00e7\u00e3o, Comit\u00ea Ol\u00edmpico e Paraol\u00edmpico Brasileiro, Federa\u00e7\u00e3o e Associa\u00e7\u00e3o no munic\u00edpio de S\u00e3o Gon\u00e7alo. O aux\u00edlio \u00e9 destinado \u00e0 participa\u00e7\u00e3o do atleta gon\u00e7alense, a partir de 8 anos, em competi\u00e7\u00f5es esportivas nacionais e internacionais.<\/p>\n","protected":false},"excerpt":{"rendered":"<p>Cinco atletas viajam para S\u00e3o Paulo com aux\u00edlio da Prefeitura nesta sexta (21) Mais cinco atletas ter\u00e3o a oportunidade de&hellip;<\/p>\n","protected":false},"author":5,"featured_media":7744,"comment_status":"open","ping_status":"open","sticky":false,"template":"","format":"standard","meta":{"fifu_image_url":"","fifu_image_alt":"","footnotes":""},"categories":[5],"tags":[],"class_list":["post-7743","post","type-post","status-publish","format-standard","has-post-thumbnail","hentry","category-esportes"],"_links":{"self":[{"href":"https:\/\/sgvaimudar.com.br\/index.php\/wp-json\/wp\/v2\/posts\/7743","targetHints":{"allow":["GET"]}}],"collection":[{"href":"https:\/\/sgvaimudar.com.br\/index.php\/wp-json\/wp\/v2\/posts"}],"about":[{"href":"https:\/\/sgvaimudar.com.br\/index.php\/wp-json\/wp\/v2\/types\/post"}],"author":[{"embeddable":true,"href":"https:\/\/sgvaimudar.com.br\/index.php\/wp-json\/wp\/v2\/users\/5"}],"replies":[{"embeddable":true,"href":"https:\/\/sgvaimudar.com.br\/index.php\/wp-json\/wp\/v2\/comments?post=7743"}],"version-history":[{"count":2,"href":"https:\/\/sgvaimudar.com.br\/index.php\/wp-json\/wp\/v2\/posts\/7743\/revisions"}],"predecessor-version":[{"id":7747,"href":"https:\/\/sgvaimudar.com.br\/index.php\/wp-json\/wp\/v2\/posts\/7743\/revisions\/7747"}],"wp:featuredmedia":[{"embeddable":true,"href":"https:\/\/sgvaimudar.com.br\/index.php\/wp-json\/wp\/v2\/media\/7744"}],"wp:attachment":[{"href":"https:\/\/sgvaimudar.com.br\/index.php\/wp-json\/wp\/v2\/media?parent=7743"}],"wp:term":[{"taxonomy":"category","embeddable":true,"href":"https:\/\/sgvaimudar.com.br\/index.php\/wp-json\/wp\/v2\/categories?post=7743"},{"taxonomy":"post_tag","embeddable":true,"href":"https:\/\/sgvaimudar.com.br\/index.php\/wp-json\/wp\/v2\/tags?post=7743"}],"curies":[{"name":"wp","href":"https:\/\/api.w.org\/{rel}","templated":true}]}}