{"id":7727,"date":"2024-06-18T08:09:19","date_gmt":"2024-06-18T11:09:19","guid":{"rendered":"https:\/\/sgvaimudar.com.br\/?p=7727"},"modified":"2024-06-18T08:10:15","modified_gmt":"2024-06-18T11:10:15","slug":"atencao-motoristas-transito-sera-alterado-a-partir-desta-quarta-19-no-colubande","status":"publish","type":"post","link":"https:\/\/sgvaimudar.com.br\/index.php\/2024\/06\/18\/atencao-motoristas-transito-sera-alterado-a-partir-desta-quarta-19-no-colubande\/","title":{"rendered":"Aten\u00e7\u00e3o Motoristas: Tr\u00e2nsito ser\u00e1 alterado a partir desta quarta (19) no Coluband\u00ea"},"content":{"rendered":"\n<p><em>Revitaliza\u00e7\u00e3o da pra\u00e7a abrange novo esquema vi\u00e1rio na regi\u00e3o<\/em><\/p>\n\n\n\n<p>Quem trafega pelos arredores da Pra\u00e7a Governador Leonel Brizola, mais conhecida como Pra\u00e7a do Coluband\u00ea, deve se preparar para as mudan\u00e7as que ser\u00e3o implementadas no tr\u00e2nsito da regi\u00e3o a partir desta quarta-feira (19), segundo a Prefeitura. <\/p>\n\n\n\n<figure class=\"wp-block-image size-large\"><img fetchpriority=\"high\" decoding=\"async\" width=\"1024\" height=\"684\" src=\"https:\/\/sgvaimudar.com.br\/wp-content\/uploads\/2024\/06\/unnamed-4-9-1024x684.jpg\" alt=\"\" class=\"wp-image-7728\" srcset=\"https:\/\/sgvaimudar.com.br\/wp-content\/uploads\/2024\/06\/unnamed-4-9-1024x684.jpg 1024w, https:\/\/sgvaimudar.com.br\/wp-content\/uploads\/2024\/06\/unnamed-4-9-300x200.jpg 300w, https:\/\/sgvaimudar.com.br\/wp-content\/uploads\/2024\/06\/unnamed-4-9-768x513.jpg 768w, https:\/\/sgvaimudar.com.br\/wp-content\/uploads\/2024\/06\/unnamed-4-9-1536x1027.jpg 1536w, https:\/\/sgvaimudar.com.br\/wp-content\/uploads\/2024\/06\/unnamed-4-9.jpg 1616w\" sizes=\"(max-width: 1024px) 100vw, 1024px\" \/><\/figure>\n\n\n\n<p>O prefeito Capit\u00e3o Nelson visitou o local nesta segunda-feira (17) para verificar o andamento das obras na nova \u00e1rea de lazer e pediu ajuda dos gon\u00e7alenses na preserva\u00e7\u00e3o da nova \u00e1rea de lazer. &#8220;A pra\u00e7a anterior estava degradada, suja e agora vamos ter um espa\u00e7o revitalizado com quiosques, academia para idosos, guarita para a Guarda Municipal, uma \u00e1rea de brinquedos para crian\u00e7as. \u00c9 S\u00e3o Gon\u00e7alo ganhando novos espa\u00e7os de qualidade&#8221;, afirmou o chefe do Executivo.<\/p>\n\n\n\n<p>De acordo com o Executivo, a pra\u00e7a recebe obras de revitaliza\u00e7\u00e3o feitas pela Secretaria de Transportes da Prefeitura e segue os moldes do programa Pra\u00e7a Renovada, com o completo reordenamento do tr\u00e2nsito.<\/p>\n\n\n\n<p>&#8220;O tr\u00e1fego de ve\u00edculos seguir\u00e1 da seguinte forma: o motorista que vier da Avenida Jos\u00e9 Mendon\u00e7a de Campos para o Ceasa, dever\u00e1 seguir em sentido \u00fanico pela rua do banco Ita\u00fa, que fica na lateral da pra\u00e7a. Quem vier pela RJ-104 para o Ceasa, dever\u00e1 sair da rodovia e acessar a nova pista que foi constru\u00edda no local, contornando a pra\u00e7a&#8221;, afirmou o poder p\u00fablico.<\/p>\n\n\n\n<p>A partir de agora, quem vier da Avenida Jos\u00e9 Mendon\u00e7a de Campos, no sentido Niter\u00f3i, dever\u00e1 seguir em sentido \u00fanico pela rua do Ita\u00fa, na lateral da pra\u00e7a, e acessar em seguida a Rua Capit\u00e3o Juvenal Figueiredo, no sentido \u00e0 RJ-104. <\/p>\n\n\n\n<p>J\u00e1 pela Avenida Jos\u00e9 Mendon\u00e7a de Campos para seguir no sentido Alc\u00e2ntara, deve manter sentido \u00fanico pela rua do Ita\u00fa, contornar a pra\u00e7a e acessar a pista lateral da RJ-104 ao retornar por baixo do viaduto.<\/p>\n\n\n\n<p>Quem vier pela Rua Salvatori para o Coluband\u00ea, seguir\u00e1 pela Rua Capit\u00e3o Juvenal Figueiredo, no sentido da RJ-104, e retornar\u00e1 em Tribob\u00f3. J\u00e1 quem vier do Alc\u00e2ntara para o Ceasa, ir\u00e1 seguir pela rua lateral do posto de gasolina e seguir\u00e1 pela rua do Ita\u00fa, que ter\u00e1 sentido \u00fanico. As linhas 529, 530 e 10 far\u00e3o ponto na Pra\u00e7a do Coluband\u00ea.<\/p>\n\n\n\n<p>A Secretaria de Transportes lembra que a regi\u00e3o recebe um fluxo intenso de ve\u00edculos dos bairros Mutondo, Galo Branco, \u00c1gua Mineral e Rocha, que procuram a sa\u00edda pela RJ-16 e para a Ceasa e tamb\u00e9m ambul\u00e2ncias, que v\u00e3o em dire\u00e7\u00e3o ao Hospital Estadual Alberto Torres (Heat).<\/p>\n\n\n\n<p>As ruas do entorno est\u00e3o recebendo obras de drenagem e pavimenta\u00e7\u00e3o. As interven\u00e7\u00f5es est\u00e3o focando tamb\u00e9m na requalifica\u00e7\u00e3o vi\u00e1ria da regi\u00e3o. O projeto da obra surgiu a partir do Plano Estrat\u00e9gico Novos Rumos e foi elaborado pelas secretarias de Transportes e de Gest\u00e3o Integrada e Projetos Especiais. As interven\u00e7\u00f5es na Pra\u00e7a do Coluband\u00ea tiveram in\u00edcio no final de fevereiro e possuem um prazo de conclus\u00e3o de 180 dias.<\/p>\n\n\n\n<p>As palmeiras que ficavam na antiga pra\u00e7a foram retiradas pelo Departamento de Parques e Jardins da Secretaria de Conserva\u00e7\u00e3o. De l\u00e1, algumas \u00e1rvores foram replantadas na \u00c1rea de Prote\u00e7\u00e3o Ambiental (APA) de Maria Paula, na obra do polo de autope\u00e7as do Jardim Alc\u00e2ntara e \u00e0s margens da RJ-104. No local, um novo paisagismo est\u00e1 sendo implementado com \u00e1rvores que foram retiradas do MUVI e est\u00e3o sendo replantadas na nova pra\u00e7a.<\/p>\n\n\n\n<p><em>Fotos: Renan Otto<\/em><\/p>\n","protected":false},"excerpt":{"rendered":"<p>Revitaliza\u00e7\u00e3o da pra\u00e7a abrange novo esquema vi\u00e1rio na regi\u00e3o Quem trafega pelos arredores da Pra\u00e7a Governador Leonel Brizola, mais conhecida&hellip;<\/p>\n","protected":false},"author":5,"featured_media":7729,"comment_status":"open","ping_status":"open","sticky":false,"template":"","format":"standard","meta":{"fifu_image_url":"","fifu_image_alt":"","footnotes":""},"categories":[3],"tags":[],"class_list":["post-7727","post","type-post","status-publish","format-standard","has-post-thumbnail","hentry","category-sao-goncalo"],"_links":{"self":[{"href":"https:\/\/sgvaimudar.com.br\/index.php\/wp-json\/wp\/v2\/posts\/7727","targetHints":{"allow":["GET"]}}],"collection":[{"href":"https:\/\/sgvaimudar.com.br\/index.php\/wp-json\/wp\/v2\/posts"}],"about":[{"href":"https:\/\/sgvaimudar.com.br\/index.php\/wp-json\/wp\/v2\/types\/post"}],"author":[{"embeddable":true,"href":"https:\/\/sgvaimudar.com.br\/index.php\/wp-json\/wp\/v2\/users\/5"}],"replies":[{"embeddable":true,"href":"https:\/\/sgvaimudar.com.br\/index.php\/wp-json\/wp\/v2\/comments?post=7727"}],"version-history":[{"count":2,"href":"https:\/\/sgvaimudar.com.br\/index.php\/wp-json\/wp\/v2\/posts\/7727\/revisions"}],"predecessor-version":[{"id":7731,"href":"https:\/\/sgvaimudar.com.br\/index.php\/wp-json\/wp\/v2\/posts\/7727\/revisions\/7731"}],"wp:featuredmedia":[{"embeddable":true,"href":"https:\/\/sgvaimudar.com.br\/index.php\/wp-json\/wp\/v2\/media\/7729"}],"wp:attachment":[{"href":"https:\/\/sgvaimudar.com.br\/index.php\/wp-json\/wp\/v2\/media?parent=7727"}],"wp:term":[{"taxonomy":"category","embeddable":true,"href":"https:\/\/sgvaimudar.com.br\/index.php\/wp-json\/wp\/v2\/categories?post=7727"},{"taxonomy":"post_tag","embeddable":true,"href":"https:\/\/sgvaimudar.com.br\/index.php\/wp-json\/wp\/v2\/tags?post=7727"}],"curies":[{"name":"wp","href":"https:\/\/api.w.org\/{rel}","templated":true}]}}