{"id":7700,"date":"2024-06-17T12:00:00","date_gmt":"2024-06-17T15:00:00","guid":{"rendered":"https:\/\/sgvaimudar.com.br\/?p=7700"},"modified":"2024-06-17T09:14:00","modified_gmt":"2024-06-17T12:14:00","slug":"usuarios-aprovam-nova-usf-do-jardim-catarina","status":"publish","type":"post","link":"https:\/\/sgvaimudar.com.br\/index.php\/2024\/06\/17\/usuarios-aprovam-nova-usf-do-jardim-catarina\/","title":{"rendered":"Usu\u00e1rios aprovam nova USF do Jardim Catarina\u00a0"},"content":{"rendered":"\n<p><em>Unidade foi a 31\u00aa Unidade de Sa\u00fade Familiar entregue pelo governo do Capit\u00e3o Nelson<\/em><\/p>\n\n\n\n<p>A Unidade de Sa\u00fade da Fam\u00edlia (USF) Agenor Jos\u00e9 da Silva, ampliada para melhor atender os pacientes do Jardim Catarina, completou oito meses de revitaliza\u00e7\u00e3o neste m\u00eas. Ela foi a 31\u00aa USF revitalizada entregue pelo governo do Capit\u00e3o Nelson, no dia 20 de outubro do ano passado. A unidade tem capacidade para atender 8 mil moradores com atendimentos mais humanizados em ambientes confort\u00e1veis.<\/p>\n\n\n\n<figure class=\"wp-block-image size-full\"><img fetchpriority=\"high\" decoding=\"async\" width=\"1024\" height=\"683\" src=\"https:\/\/sgvaimudar.com.br\/wp-content\/uploads\/2024\/06\/unnamed-17-1.jpg\" alt=\"\" class=\"wp-image-7701\" srcset=\"https:\/\/sgvaimudar.com.br\/wp-content\/uploads\/2024\/06\/unnamed-17-1.jpg 1024w, https:\/\/sgvaimudar.com.br\/wp-content\/uploads\/2024\/06\/unnamed-17-1-300x200.jpg 300w, https:\/\/sgvaimudar.com.br\/wp-content\/uploads\/2024\/06\/unnamed-17-1-768x512.jpg 768w\" sizes=\"(max-width: 1024px) 100vw, 1024px\" \/><\/figure>\n\n\n\n<p>Segundo o secret\u00e1rio de Sa\u00fade, Dr. Gleison Rocha, a entrega da unidade aconteceu com tudo novo. &#8220;Mas, o que sempre pedimos \u00e9 humaniza\u00e7\u00e3o no atendimento. O nosso desejo \u00e9 que todas as unidades de sa\u00fade sejam revitalizadas e que possam oferecer os atendimentos com mais qualidade aos pacientes. Esse governo est\u00e1 dando uma oportunidade incr\u00edvel para quem trabalha com sa\u00fade fazer a diferen\u00e7a. E tamb\u00e9m pedimos que conservem as que j\u00e1 est\u00e3o prontas para que a gente consiga dar continuidade \u00e0s demais revitaliza\u00e7\u00f5es\u201d, disse Rocha.\u00a0\u00a0<\/p>\n\n\n\n<p>Edilson de Oliveira, pedreiro de 66 anos, estava na unidade colhendo sangue \u2013 um dos servi\u00e7os do laborat\u00f3rio oferecido no posto \u2013 ap\u00f3s ter passado pela nutricionista. \u201cFrequento este posto desde quando era uma casinha l\u00e1 perto do val\u00e3o. S\u00e3o muitos anos. Eu fa\u00e7o tudo aqui. E, quando n\u00e3o tem o que \u00e9 preciso, eles fazem o encaminhamento. O atendimento est\u00e1 muito bom. A estrutura tamb\u00e9m. Minha esposa faz fisioterapia e somos bem atendidos\u201d, disse o pedreiro.\u00a0<\/p>\n\n\n\n<p>Na unidade, os moradores t\u00eam \u00e0 disposi\u00e7\u00e3o m\u00e9dicos generalistas, enfermeiros, t\u00e9cnicos de enfermagem e agentes comunit\u00e1rios de sa\u00fade e eMulti \u2013 equipe multiprofissional composta por nutricionista, fisioterapeuta, educador f\u00edsico, assistente social e psic\u00f3logo. Al\u00e9m dos profissionais, programas da Aten\u00e7\u00e3o B\u00e1sica est\u00e3o dispon\u00edveis com servi\u00e7os de puericultura, pr\u00e9-natal, preventivo, aferi\u00e7\u00e3o de press\u00e3o arterial e glicose, entre outros.&nbsp;<\/p>\n\n\n\n<p>Fernanda Evangelista de Oliveira, dona de casa de 32 anos, realizou o pr\u00e9-natal na unidade e hoje leva a filha Valentina de Oliveira Vasconcelos, de tr\u00eas meses, para receber os cuidados e orienta\u00e7\u00f5es da enfermeira, que realiza o trabalho de puericultura. Ela, que tem outros tr\u00eas filhos, tamb\u00e9m faz parte do programa de Planejamento Familiar.&nbsp;<\/p>\n\n\n\n<p>\u201cComecei o pr\u00e9-natal quando ainda estava em obra. Mas j\u00e1 usava o posto antes. Melhorou bastante em tudo. O ambiente est\u00e1 melhor, mais confort\u00e1vel, temos mais m\u00e9dicos. O atendimento sempre foi bom, mas parece que os funcion\u00e1rios trabalham com mais prazer porque o posto est\u00e1 melhor para eles tamb\u00e9m\u201d, descreveu Fernanda.&nbsp;<\/p>\n\n\n\n<p>De acordo com a Prefeitura, a nova USF tem seis consult\u00f3rios, incluindo um odontol\u00f3gico e um ginecol\u00f3gico, salas para os agentes comunit\u00e1rios de sa\u00fade (ACSs), de vacina, curativo, administra\u00e7\u00e3o, esteriliza\u00e7\u00e3o, utilidades, acolhimento, procedimentos, farm\u00e1cia, almoxarifado, recep\u00e7\u00e3o, espera, copa, cinco boxes para fisioterapia e \u00e1rea para atividade externa.\u00a0<\/p>\n\n\n\n<p>&#8220;Os postos que est\u00e3o recebendo as obras est\u00e3o sendo padronizados e recebendo pisos novos, pintura, climatiza\u00e7\u00e3o, adequa\u00e7\u00f5es gerais e de acessibilidade (rampa, piso t\u00e1til, barras, banheiros adaptados para pessoas com defici\u00eancia), al\u00e9m da revitaliza\u00e7\u00e3o da fachada \u2013 tudo conforme as normas da Anvisa: a RDC 50, que diz respeito aos ambientes e a NBR 9050, sobre acessibilidade&#8221;, concluiu o poder p\u00fablico no texto.\u00a0<\/p>\n\n\n\n<p><em>Fotos: Fabio Guimar\u00e3es<\/em><\/p>\n","protected":false},"excerpt":{"rendered":"<p>Unidade foi a 31\u00aa Unidade de Sa\u00fade Familiar entregue pelo governo do Capit\u00e3o Nelson A Unidade de Sa\u00fade da Fam\u00edlia&hellip;<\/p>\n","protected":false},"author":5,"featured_media":7702,"comment_status":"open","ping_status":"open","sticky":false,"template":"","format":"standard","meta":{"fifu_image_url":"","fifu_image_alt":"","footnotes":""},"categories":[7],"tags":[],"class_list":["post-7700","post","type-post","status-publish","format-standard","has-post-thumbnail","hentry","category-saude"],"_links":{"self":[{"href":"https:\/\/sgvaimudar.com.br\/index.php\/wp-json\/wp\/v2\/posts\/7700","targetHints":{"allow":["GET"]}}],"collection":[{"href":"https:\/\/sgvaimudar.com.br\/index.php\/wp-json\/wp\/v2\/posts"}],"about":[{"href":"https:\/\/sgvaimudar.com.br\/index.php\/wp-json\/wp\/v2\/types\/post"}],"author":[{"embeddable":true,"href":"https:\/\/sgvaimudar.com.br\/index.php\/wp-json\/wp\/v2\/users\/5"}],"replies":[{"embeddable":true,"href":"https:\/\/sgvaimudar.com.br\/index.php\/wp-json\/wp\/v2\/comments?post=7700"}],"version-history":[{"count":1,"href":"https:\/\/sgvaimudar.com.br\/index.php\/wp-json\/wp\/v2\/posts\/7700\/revisions"}],"predecessor-version":[{"id":7703,"href":"https:\/\/sgvaimudar.com.br\/index.php\/wp-json\/wp\/v2\/posts\/7700\/revisions\/7703"}],"wp:featuredmedia":[{"embeddable":true,"href":"https:\/\/sgvaimudar.com.br\/index.php\/wp-json\/wp\/v2\/media\/7702"}],"wp:attachment":[{"href":"https:\/\/sgvaimudar.com.br\/index.php\/wp-json\/wp\/v2\/media?parent=7700"}],"wp:term":[{"taxonomy":"category","embeddable":true,"href":"https:\/\/sgvaimudar.com.br\/index.php\/wp-json\/wp\/v2\/categories?post=7700"},{"taxonomy":"post_tag","embeddable":true,"href":"https:\/\/sgvaimudar.com.br\/index.php\/wp-json\/wp\/v2\/tags?post=7700"}],"curies":[{"name":"wp","href":"https:\/\/api.w.org\/{rel}","templated":true}]}}