{"id":7669,"date":"2024-06-16T14:00:00","date_gmt":"2024-06-16T17:00:00","guid":{"rendered":"https:\/\/sgvaimudar.com.br\/?p=7669"},"modified":"2024-06-16T08:35:49","modified_gmt":"2024-06-16T11:35:49","slug":"nova-unidade-de-saude-da-agua-mineral-prestes-a-ser-entregue","status":"publish","type":"post","link":"https:\/\/sgvaimudar.com.br\/index.php\/2024\/06\/16\/nova-unidade-de-saude-da-agua-mineral-prestes-a-ser-entregue\/","title":{"rendered":"Nova unidade de sa\u00fade da \u00c1gua Mineral prestes a ser entregue"},"content":{"rendered":"\n<p><em>USF vai dobrar capacidade de atendimento<\/em><\/p>\n\n\n\n<p>Falta muito pouco para a entrega das obras da nova Unidade de Sa\u00fade da Fam\u00edlia (USF) de \u00c1gua Mineral. A constru\u00e7\u00e3o recebe os retoques finais de pintura, pequenas instala\u00e7\u00f5es e limpeza. O objetivo \u00e9 que a obra esteja pronta para ser entregue ainda este m\u00eas. Localizada na Avenida Salvatori, 2.160, ela substituir\u00e1 a atual unidade, que fica no n\u00famero 2.261 na mesma via \u2013 uma pequena casa com poucos c\u00f4modos.\u00a0<\/p>\n\n\n\n<figure class=\"wp-block-image size-full\"><img fetchpriority=\"high\" decoding=\"async\" width=\"1024\" height=\"683\" src=\"https:\/\/sgvaimudar.com.br\/wp-content\/uploads\/2024\/06\/unnamed-10-4.jpg\" alt=\"\" class=\"wp-image-7670\" srcset=\"https:\/\/sgvaimudar.com.br\/wp-content\/uploads\/2024\/06\/unnamed-10-4.jpg 1024w, https:\/\/sgvaimudar.com.br\/wp-content\/uploads\/2024\/06\/unnamed-10-4-300x200.jpg 300w, https:\/\/sgvaimudar.com.br\/wp-content\/uploads\/2024\/06\/unnamed-10-4-768x512.jpg 768w\" sizes=\"(max-width: 1024px) 100vw, 1024px\" \/><\/figure>\n\n\n\n<p>\u201c\u00c9 uma prioridade do prefeito Capit\u00e3o Nelson dar mais dignidade nos atendimentos para os gon\u00e7alenses nas unidades de sa\u00fade. As obras tamb\u00e9m atendem outra exig\u00eancia: a humaniza\u00e7\u00e3o \u2013 tanto para quem trabalha quanto para quem usa. Ambientes adequados atendem melhor a todos e essa \u00e9 a inten\u00e7\u00e3o. J\u00e1 est\u00e1 praticamente tudo pronto\u201d, afirmou o secret\u00e1rio municipal de Sa\u00fade Dr. Gleison Rocha.\u00a0<\/p>\n\n\n\n<p>A obra completa um ano em junho deste ano e at\u00e9 as plantas ornamentais j\u00e1 enfeitam a fachada. \u201cEstamos finalizando, mas os detalhes costumam dar mais trabalho. Estamos retocando pintura das paredes, acertando instala\u00e7\u00e3o das grades de prote\u00e7\u00e3o e conferindo as instala\u00e7\u00f5es el\u00e9tricas. A jardinagem e toda a parte de obra interna est\u00e3o prontas\u201d, descreveu o engenheiro respons\u00e1vel pela obra, Fernando Moreira.<\/p>\n\n\n\n<p>A USF ser\u00e1 entregue com cinco consult\u00f3rios, dois consult\u00f3rios ginecol\u00f3gicos com banheiro, um consult\u00f3rio odontol\u00f3gico com duas cadeiras para os atendimentos, escov\u00f3dromo, salas de vacina, inala\u00e7\u00e3o, curativo, esteriliza\u00e7\u00e3o, coleta de sangue e observa\u00e7\u00e3o, multiuso, administra\u00e7\u00e3o, espera, recep\u00e7\u00e3o, farm\u00e1cia, copa, almoxarifado, banheiros para funcion\u00e1rios e adaptados para pessoas com defici\u00eancias (PCD).&nbsp;<\/p>\n\n\n\n<p>O espa\u00e7o ter\u00e1 capacidade para atender 8 mil pessoas com duas equipes da Estrat\u00e9gia de Sa\u00fade da Fam\u00edlia (ESF) \u2013 o dobro da capacidade da atual unidade de sa\u00fade, que atende 4 mil pessoas. Assim como todas as demais obras realizadas pela Secretaria de Sa\u00fade, a unidade de \u00c1gua Mineral ter\u00e1 ambientes humanizados e climatizados.&nbsp;<\/p>\n\n\n\n<p>Os postos em constru\u00e7\u00e3o s\u00e3o padronizados e recebem adequa\u00e7\u00f5es gerais e de acessibilidade (rampa, piso t\u00e1til, barras, banheiros adaptados para pessoas com defici\u00eancia e com campainha de alerta) \u2013 tudo conforme as normas da Anvisa: a RDC 50, que diz respeito aos ambientes e a NBR 9050, sobre acessibilidade.&nbsp;<\/p>\n\n\n\n<p><em>Fotos: Fabio Guimar\u00e3es<\/em><\/p>\n","protected":false},"excerpt":{"rendered":"<p>USF vai dobrar capacidade de atendimento Falta muito pouco para a entrega das obras da nova Unidade de Sa\u00fade da&hellip;<\/p>\n","protected":false},"author":5,"featured_media":7671,"comment_status":"open","ping_status":"open","sticky":false,"template":"","format":"standard","meta":{"fifu_image_url":"","fifu_image_alt":"","footnotes":""},"categories":[7],"tags":[],"class_list":["post-7669","post","type-post","status-publish","format-standard","has-post-thumbnail","hentry","category-saude"],"_links":{"self":[{"href":"https:\/\/sgvaimudar.com.br\/index.php\/wp-json\/wp\/v2\/posts\/7669","targetHints":{"allow":["GET"]}}],"collection":[{"href":"https:\/\/sgvaimudar.com.br\/index.php\/wp-json\/wp\/v2\/posts"}],"about":[{"href":"https:\/\/sgvaimudar.com.br\/index.php\/wp-json\/wp\/v2\/types\/post"}],"author":[{"embeddable":true,"href":"https:\/\/sgvaimudar.com.br\/index.php\/wp-json\/wp\/v2\/users\/5"}],"replies":[{"embeddable":true,"href":"https:\/\/sgvaimudar.com.br\/index.php\/wp-json\/wp\/v2\/comments?post=7669"}],"version-history":[{"count":1,"href":"https:\/\/sgvaimudar.com.br\/index.php\/wp-json\/wp\/v2\/posts\/7669\/revisions"}],"predecessor-version":[{"id":7672,"href":"https:\/\/sgvaimudar.com.br\/index.php\/wp-json\/wp\/v2\/posts\/7669\/revisions\/7672"}],"wp:featuredmedia":[{"embeddable":true,"href":"https:\/\/sgvaimudar.com.br\/index.php\/wp-json\/wp\/v2\/media\/7671"}],"wp:attachment":[{"href":"https:\/\/sgvaimudar.com.br\/index.php\/wp-json\/wp\/v2\/media?parent=7669"}],"wp:term":[{"taxonomy":"category","embeddable":true,"href":"https:\/\/sgvaimudar.com.br\/index.php\/wp-json\/wp\/v2\/categories?post=7669"},{"taxonomy":"post_tag","embeddable":true,"href":"https:\/\/sgvaimudar.com.br\/index.php\/wp-json\/wp\/v2\/tags?post=7669"}],"curies":[{"name":"wp","href":"https:\/\/api.w.org\/{rel}","templated":true}]}}