{"id":7642,"date":"2024-06-15T19:00:00","date_gmt":"2024-06-15T22:00:00","guid":{"rendered":"https:\/\/sgvaimudar.com.br\/?p=7642"},"modified":"2024-06-16T07:36:47","modified_gmt":"2024-06-16T10:36:47","slug":"cerpi-faz-acao-com-idosos-do-centro-de-referencia-do-jardim-catarina","status":"publish","type":"post","link":"https:\/\/sgvaimudar.com.br\/index.php\/2024\/06\/15\/cerpi-faz-acao-com-idosos-do-centro-de-referencia-do-jardim-catarina\/","title":{"rendered":"Prefeitura faz a\u00e7\u00e3o com idosos do Centro de Refer\u00eancia do Jardim Catarina"},"content":{"rendered":"\n<p><em>Atividades fizeram alus\u00e3o ao Dia Mundial de Conscientiza\u00e7\u00e3o da Viol\u00eancia contra a Pessoa Idosa<\/em><\/p>\n\n\n\n<p>Em celebra\u00e7\u00e3o ao Dia Mundial de Conscientiza\u00e7\u00e3o da Viol\u00eancia contra a Pessoa Idosa, comemorado no dia 15 de junho, o Centro de Refer\u00eancia Especializado \u00e0 Pessoa Idosa (Cerpi), que fica no Jardim Catarina, preparou uma manh\u00e3 repleta de conhecimentos e servi\u00e7os de sa\u00fade e bem-estar para os assistidos, nesta sexta-feira (14).<\/p>\n\n\n\n<figure class=\"wp-block-image size-large\"><img fetchpriority=\"high\" decoding=\"async\" width=\"1024\" height=\"684\" src=\"https:\/\/sgvaimudar.com.br\/wp-content\/uploads\/2024\/06\/unnamed-6-10-1024x684.jpg\" alt=\"\" class=\"wp-image-7643\" srcset=\"https:\/\/sgvaimudar.com.br\/wp-content\/uploads\/2024\/06\/unnamed-6-10-1024x684.jpg 1024w, https:\/\/sgvaimudar.com.br\/wp-content\/uploads\/2024\/06\/unnamed-6-10-300x200.jpg 300w, https:\/\/sgvaimudar.com.br\/wp-content\/uploads\/2024\/06\/unnamed-6-10-768x513.jpg 768w, https:\/\/sgvaimudar.com.br\/wp-content\/uploads\/2024\/06\/unnamed-6-10-1536x1027.jpg 1536w, https:\/\/sgvaimudar.com.br\/wp-content\/uploads\/2024\/06\/unnamed-6-10.jpg 1616w\" sizes=\"(max-width: 1024px) 100vw, 1024px\" \/><\/figure>\n\n\n\n<p>A data faz parte parte do Junho Violeta, que foi institu\u00eddo em 2006, pela Organiza\u00e7\u00e3o das Na\u00e7\u00f5es Unidas (ONU) e pela Rede Internacional de Preven\u00e7\u00e3o \u00e0 Viol\u00eancia \u00e0 Pessoa Idosa, como forma de sensibilizar a sociedade sobre as mais diversas formas de viol\u00eancia contra os idosos.&nbsp;<\/p>\n\n\n\n<p>Durante a atividade no CERPI &#8211; equipamento vinculado \u00e0 Secretaria de Assist\u00eancia Social da Prefeitura de S\u00e3o Gon\u00e7alo -, os idosos receberam palestras sobre os tipos de viol\u00eancia e o Estatuto da Pessoa Idosa, atrav\u00e9s de uma palestra ministrada por equipes da Subsecretaria de Prote\u00e7\u00e3o Social Especial; sobre educa\u00e7\u00e3o financeira com representantes do Sebrae; al\u00e9m de servi\u00e7os de auriculoterapia e massoterapia.&nbsp;<\/p>\n\n\n\n<p>\u201cO Junho Violeta \u00e9 uma data muito importante para conscientizar toda a popula\u00e7\u00e3o sobre uma situa\u00e7\u00e3o que muitas vezes \u00e9 silenciosa e negligenciada. Nossa iniciativa de hoje, al\u00e9m de alertar os idosos sobre os tipos de viol\u00eancia e seus direitos, promovendo uma reflex\u00e3o e debate com eles, tamb\u00e9m foi direcionada para um momento de lazer e bem-estar. A sociedade precisa ter um olhar de sensibilidade com nossos idosos porque s\u00e3o pessoas que contribu\u00edram a vida toda para um desenvolvimento social\u201d, destacou a coordenadora do CERPI, Cinthia Weber.&nbsp;<\/p>\n\n\n\n<p>O Centro de Refer\u00eancia Especializado \u00e0 Pessoa Idosa atende a mais de 600 pessoas por m\u00eas. Formado por uma equipe multidisciplinar com psic\u00f3logo, assistente social, pedagogos e educadores, o equipamento oferece aula de alfabetiza\u00e7\u00e3o e croch\u00ea, rodas de conversa, passeios culturais e oficinas que estimulam a mente e o corpo.&nbsp;<\/p>\n\n\n\n<p>Idosos acima de 60 anos que tiverem interesse em participar das atividades oferecidas no CERPI podem ir at\u00e9 a unidade, que fica na Av. Dr. Albino Imparato, 1.501, no Jardim Catarina, e solicitar a ficha de inscri\u00e7\u00e3o.<\/p>\n\n\n\n<p><em>Fotos: Renan Otto<\/em><\/p>\n","protected":false},"excerpt":{"rendered":"<p>Atividades fizeram alus\u00e3o ao Dia Mundial de Conscientiza\u00e7\u00e3o da Viol\u00eancia contra a Pessoa Idosa Em celebra\u00e7\u00e3o ao Dia Mundial de&hellip;<\/p>\n","protected":false},"author":5,"featured_media":7644,"comment_status":"open","ping_status":"open","sticky":false,"template":"","format":"standard","meta":{"fifu_image_url":"","fifu_image_alt":"","footnotes":""},"categories":[3],"tags":[],"class_list":["post-7642","post","type-post","status-publish","format-standard","has-post-thumbnail","hentry","category-sao-goncalo"],"_links":{"self":[{"href":"https:\/\/sgvaimudar.com.br\/index.php\/wp-json\/wp\/v2\/posts\/7642","targetHints":{"allow":["GET"]}}],"collection":[{"href":"https:\/\/sgvaimudar.com.br\/index.php\/wp-json\/wp\/v2\/posts"}],"about":[{"href":"https:\/\/sgvaimudar.com.br\/index.php\/wp-json\/wp\/v2\/types\/post"}],"author":[{"embeddable":true,"href":"https:\/\/sgvaimudar.com.br\/index.php\/wp-json\/wp\/v2\/users\/5"}],"replies":[{"embeddable":true,"href":"https:\/\/sgvaimudar.com.br\/index.php\/wp-json\/wp\/v2\/comments?post=7642"}],"version-history":[{"count":2,"href":"https:\/\/sgvaimudar.com.br\/index.php\/wp-json\/wp\/v2\/posts\/7642\/revisions"}],"predecessor-version":[{"id":7649,"href":"https:\/\/sgvaimudar.com.br\/index.php\/wp-json\/wp\/v2\/posts\/7642\/revisions\/7649"}],"wp:featuredmedia":[{"embeddable":true,"href":"https:\/\/sgvaimudar.com.br\/index.php\/wp-json\/wp\/v2\/media\/7644"}],"wp:attachment":[{"href":"https:\/\/sgvaimudar.com.br\/index.php\/wp-json\/wp\/v2\/media?parent=7642"}],"wp:term":[{"taxonomy":"category","embeddable":true,"href":"https:\/\/sgvaimudar.com.br\/index.php\/wp-json\/wp\/v2\/categories?post=7642"},{"taxonomy":"post_tag","embeddable":true,"href":"https:\/\/sgvaimudar.com.br\/index.php\/wp-json\/wp\/v2\/tags?post=7642"}],"curies":[{"name":"wp","href":"https:\/\/api.w.org\/{rel}","templated":true}]}}