{"id":7634,"date":"2024-06-15T15:00:00","date_gmt":"2024-06-15T18:00:00","guid":{"rendered":"https:\/\/sgvaimudar.com.br\/?p=7634"},"modified":"2024-06-15T09:39:51","modified_gmt":"2024-06-15T12:39:51","slug":"prefeitura-prepara-mudancas-no-transito-do-colubande","status":"publish","type":"post","link":"https:\/\/sgvaimudar.com.br\/index.php\/2024\/06\/15\/prefeitura-prepara-mudancas-no-transito-do-colubande\/","title":{"rendered":"Prefeitura prepara mudan\u00e7as no tr\u00e2nsito do Coluband\u00ea"},"content":{"rendered":"\n<p><em>Ruas ao redor da nova pra\u00e7a passar\u00e3o por requalifica\u00e7\u00e3o vi\u00e1ria<\/em><\/p>\n\n\n\n<p>As obras de revitaliza\u00e7\u00e3o da Pra\u00e7a Governador Leonel Brizola, mais conhecida como Pra\u00e7a do Coluband\u00ea, est\u00e3o focando tamb\u00e9m na requalifica\u00e7\u00e3o vi\u00e1ria da regi\u00e3o. \u00c9 que, al\u00e9m de uma nova pra\u00e7a, com quiosques, academia para idosos, o primeiro Parc\u00e3o do munic\u00edpio e brinquedos para crian\u00e7as, as ruas do entorno est\u00e3o recebendo obras de drenagem e pavimenta\u00e7\u00e3o e ter\u00e3o seu tr\u00e2nsito reordenado.<\/p>\n\n\n\n<figure class=\"wp-block-image size-full\"><img fetchpriority=\"high\" decoding=\"async\" width=\"1024\" height=\"683\" src=\"https:\/\/sgvaimudar.com.br\/wp-content\/uploads\/2024\/06\/unnamed-4-8.jpg\" alt=\"\" class=\"wp-image-7635\" srcset=\"https:\/\/sgvaimudar.com.br\/wp-content\/uploads\/2024\/06\/unnamed-4-8.jpg 1024w, https:\/\/sgvaimudar.com.br\/wp-content\/uploads\/2024\/06\/unnamed-4-8-300x200.jpg 300w, https:\/\/sgvaimudar.com.br\/wp-content\/uploads\/2024\/06\/unnamed-4-8-768x512.jpg 768w\" sizes=\"(max-width: 1024px) 100vw, 1024px\" \/><\/figure>\n\n\n\n<p>As mudan\u00e7as no tr\u00e2nsito buscam reordenar a regi\u00e3o, que recebe um fluxo intenso de ve\u00edculos que procuram a Ceasa e tamb\u00e9m ambul\u00e2ncias que v\u00e3o em dire\u00e7\u00e3o ao Hospital Estadual Alberto Torres (Heat). A nova \u00e1rea de lazer e seu entorno est\u00e3o sendo revitalizadas pela Secretaria de Transportes da Prefeitura de S\u00e3o Gon\u00e7alo, seguindo os moldes do programa Pra\u00e7a Renovada.<\/p>\n\n\n\n<p>O prefeito Capit\u00e3o Nelson acompanha diariamente o andamento das interven\u00e7\u00f5es. &#8220;\u00c9 uma obra muito solicitada pela popula\u00e7\u00e3o. Vamos entregar uma \u00e1rea de lazer para que todos possam aproveitar, desde as crian\u00e7as at\u00e9 os mais velhos. E, ao mesmo tempo, reordenar o tr\u00e2nsito da regi\u00e3o, melhorando o sistema vi\u00e1rio. N\u00f3s queremos que nossa popula\u00e7\u00e3o tenha orgulho de morar aqui em S\u00e3o Gon\u00e7alo&#8221;, afirmou.<\/p>\n\n\n\n<p>O jornaleiro Tercilio Vidal, de 50 anos, trabalha em frente \u00e0 pra\u00e7a h\u00e1 mais de 10 anos. Ele acredita que o projeto da nova pra\u00e7a est\u00e1 mais funcional. &#8220;Acho que o projeto nunca esteve t\u00e3o funcional. A popula\u00e7\u00e3o daqui merece. Sei que tem ocorrido alguns transtornos por causa da obra, mas isso acontece em qualquer lugar, o importante \u00e9 que est\u00e1 ficando bonita e o resultado vai ser \u00f3timo para a popula\u00e7\u00e3o. Os meus clientes que passam aqui est\u00e3o animados e contentes com essa nova \u00e1rea de lazer para o bairro, que \u00e9 populoso&#8221;, contou.<\/p>\n\n\n\n<p>As palmeiras que ficavam na antiga pra\u00e7a foram retiradas pelo Departamento de Parques e Jardins da Secretaria de Conserva\u00e7\u00e3o. De l\u00e1, algumas \u00e1rvores foram replantadas na \u00c1rea de Prote\u00e7\u00e3o Ambiental (APA) de Maria Paula, na obra do polo de autope\u00e7as do Jardim Alc\u00e2ntara e \u00e0s margens da RJ-104. No local, um novo paisagismo est\u00e1 sendo implementado com \u00e1rvores que foram retiradas do MUVI e est\u00e3o sendo replantadas na nova pra\u00e7a.<\/p>\n\n\n\n<p>O projeto da obra surgiu a partir do Plano Estrat\u00e9gico Novos Rumos e foi elaborado pelas secretarias de Transportes e de Gest\u00e3o Integrada e Projetos Especiais. As interven\u00e7\u00f5es na Pra\u00e7a do Coluband\u00ea tiveram in\u00edcio no final de fevereiro e possuem um prazo de conclus\u00e3o de 180 dias.<\/p>\n\n\n\n<p><em>Fotos: Luiz Carvalho<\/em><\/p>\n","protected":false},"excerpt":{"rendered":"<p>Ruas ao redor da nova pra\u00e7a passar\u00e3o por requalifica\u00e7\u00e3o vi\u00e1ria As obras de revitaliza\u00e7\u00e3o da Pra\u00e7a Governador Leonel Brizola, mais&hellip;<\/p>\n","protected":false},"author":5,"featured_media":7636,"comment_status":"open","ping_status":"open","sticky":false,"template":"","format":"standard","meta":{"fifu_image_url":"","fifu_image_alt":"","footnotes":""},"categories":[3],"tags":[],"class_list":["post-7634","post","type-post","status-publish","format-standard","has-post-thumbnail","hentry","category-sao-goncalo"],"_links":{"self":[{"href":"https:\/\/sgvaimudar.com.br\/index.php\/wp-json\/wp\/v2\/posts\/7634","targetHints":{"allow":["GET"]}}],"collection":[{"href":"https:\/\/sgvaimudar.com.br\/index.php\/wp-json\/wp\/v2\/posts"}],"about":[{"href":"https:\/\/sgvaimudar.com.br\/index.php\/wp-json\/wp\/v2\/types\/post"}],"author":[{"embeddable":true,"href":"https:\/\/sgvaimudar.com.br\/index.php\/wp-json\/wp\/v2\/users\/5"}],"replies":[{"embeddable":true,"href":"https:\/\/sgvaimudar.com.br\/index.php\/wp-json\/wp\/v2\/comments?post=7634"}],"version-history":[{"count":1,"href":"https:\/\/sgvaimudar.com.br\/index.php\/wp-json\/wp\/v2\/posts\/7634\/revisions"}],"predecessor-version":[{"id":7637,"href":"https:\/\/sgvaimudar.com.br\/index.php\/wp-json\/wp\/v2\/posts\/7634\/revisions\/7637"}],"wp:featuredmedia":[{"embeddable":true,"href":"https:\/\/sgvaimudar.com.br\/index.php\/wp-json\/wp\/v2\/media\/7636"}],"wp:attachment":[{"href":"https:\/\/sgvaimudar.com.br\/index.php\/wp-json\/wp\/v2\/media?parent=7634"}],"wp:term":[{"taxonomy":"category","embeddable":true,"href":"https:\/\/sgvaimudar.com.br\/index.php\/wp-json\/wp\/v2\/categories?post=7634"},{"taxonomy":"post_tag","embeddable":true,"href":"https:\/\/sgvaimudar.com.br\/index.php\/wp-json\/wp\/v2\/tags?post=7634"}],"curies":[{"name":"wp","href":"https:\/\/api.w.org\/{rel}","templated":true}]}}