{"id":7600,"date":"2024-06-14T18:00:00","date_gmt":"2024-06-14T21:00:00","guid":{"rendered":"https:\/\/sgvaimudar.com.br\/?p=7600"},"modified":"2024-06-14T10:24:35","modified_gmt":"2024-06-14T13:24:35","slug":"prefeitura-participa-de-acao-em-guaxindiba-no-mes-do-meio-ambiente","status":"publish","type":"post","link":"https:\/\/sgvaimudar.com.br\/index.php\/2024\/06\/14\/prefeitura-participa-de-acao-em-guaxindiba-no-mes-do-meio-ambiente\/","title":{"rendered":"Prefeitura participa de a\u00e7\u00e3o em Guaxindiba no m\u00eas do Meio Ambiente\u00a0"},"content":{"rendered":"\n<p><em>\u00c1reas de descarte irregular de res\u00edduos est\u00e3o sendo limpa<\/em>s<\/p>\n\n\n\n<p>As a\u00e7\u00f5es para preservar o meio ambiente n\u00e3o param em S\u00e3o Gon\u00e7alo, principalmente em junho, m\u00eas do Meio Ambiente. Na \u00faltima segunda-feira (10), representantes da Prefeitura realizaram uma atividade em Guaxindiba, com o objetivo de conscientizar funcion\u00e1rios de empresas locais sobre os riscos causados pelo descarte irregular de res\u00edduos.<\/p>\n\n\n\n<figure class=\"wp-block-image size-large\"><img fetchpriority=\"high\" decoding=\"async\" width=\"1024\" height=\"684\" src=\"https:\/\/sgvaimudar.com.br\/wp-content\/uploads\/2024\/06\/unnamed-3-10-1024x684.jpg\" alt=\"\" class=\"wp-image-7601\" srcset=\"https:\/\/sgvaimudar.com.br\/wp-content\/uploads\/2024\/06\/unnamed-3-10-1024x684.jpg 1024w, https:\/\/sgvaimudar.com.br\/wp-content\/uploads\/2024\/06\/unnamed-3-10-300x200.jpg 300w, https:\/\/sgvaimudar.com.br\/wp-content\/uploads\/2024\/06\/unnamed-3-10-768x513.jpg 768w, https:\/\/sgvaimudar.com.br\/wp-content\/uploads\/2024\/06\/unnamed-3-10-1536x1027.jpg 1536w, https:\/\/sgvaimudar.com.br\/wp-content\/uploads\/2024\/06\/unnamed-3-10.jpg 1616w\" sizes=\"(max-width: 1024px) 100vw, 1024px\" \/><\/figure>\n\n\n\n<p>Estiveram presentes representantes das Secretarias de Meio Ambiente, Conserva\u00e7\u00e3o, Defesa Civil e Instituto Estadual do Ambiente (Inea). No local, as autoridades realizaram uma palestra sobre a import\u00e2ncia de n\u00e3o descartar res\u00edduos, al\u00e9m de detalhar a\u00e7\u00f5es da Prefeitura que buscam preservar o meio ambiente, como os Ecopontos e as limpezas de rios feitas constantemente pelo Inea, em parceria com a Secretaria de Meio Ambiente.<\/p>\n\n\n\n<p>A empresa Vatins Armaz\u00e9ns Gerais e Log\u00edstica, que participou da a\u00e7\u00e3o, cedeu equipamentos para a limpeza de uma \u00e1rea na regi\u00e3o que \u00e9 utilizada indevidamente para descarte de lixo e res\u00edduos. O local passar\u00e1 a ser monitorado para impedir que novas a\u00e7\u00f5es de descarte ilegal aconte\u00e7am. A empresa ainda far\u00e1 a doa\u00e7\u00e3o de 10 placas informativas a fim de conscientizar a popula\u00e7\u00e3o a n\u00e3o jogar lixo em locais indevidos.<\/p>\n\n\n\n<p>&#8220;O objetivo desse evento \u00e9 conscientizar as pessoas a evitar o descarte irregular de res\u00edduos, que configura crime ambiental, conforme Lei Federal n\u00b0 9.605\/98, bem como a aplica\u00e7\u00e3o de san\u00e7\u00e3o administrativa prevista na Lei Municipal n\u00ba 016\/2001, com penalidade prevista no art. 86 do Decreto Municipal n\u00ba 111\/2001. Se conseguirmos inserir as pessoas do entorno para que elas evitem e denunciem esse crime ambiental, que muitas vezes \u00e9 cometido por pessoas de fora da comunidade, poderemos integrar o poder p\u00fablico e a comunidade, que \u00e9 a principal prejudicada com a pr\u00e1tica deste crime&#8221;, disse Carlos Afonso Pereira Rosa, secret\u00e1rio de Meio Ambiente.<\/p>\n\n\n\n<p>O secret\u00e1rio de Conserva\u00e7\u00e3o, Edson Leal, tamb\u00e9m destacou a import\u00e2ncia de levar orienta\u00e7\u00e3o para a popula\u00e7\u00e3o. &#8220;Queremos que todos entendam que o nosso trabalho como \u00f3rg\u00e3o p\u00fablico ocorre todos os dias e de forma integrada. Estamos aqui hoje limpando o local, colocando placas informativas, orientando a popula\u00e7\u00e3o e dando um recado para aqueles que criam a desordem urbana de que eles ser\u00e3o punidos, se necess\u00e1rio. Nosso meio ambiente precisa estar limpo e cuidado, \u00e9 quest\u00e3o de sa\u00fade&#8221;, afirmou.<\/p>\n\n\n\n<p>A Defesa Civil tamb\u00e9m marcou presen\u00e7a com orienta\u00e7\u00f5es sobre as queimadas. &#8220;O descarte de um res\u00edduo de forma inadequada libera gases inflam\u00e1veis. E tamb\u00e9m causa doen\u00e7as de sa\u00fade e a prolifera\u00e7\u00e3o de animais como ratos, por exemplo. A Defesa Civil caminha junto com outras secretarias para explicar que o descarte irregular de res\u00edduos tamb\u00e9m est\u00e1 ligado ao risco de desabamento, deslizamento de terra. Ent\u00e3o, educar a sociedade evita que situa\u00e7\u00f5es desse tipo ocorram&#8221;, disse o major Felipe Assun\u00e7\u00e3o, subsecret\u00e1rio de Defesa Civil.<\/p>\n\n\n\n<p><em>Fotos: Renan Otto<\/em><\/p>\n","protected":false},"excerpt":{"rendered":"<p>\u00c1reas de descarte irregular de res\u00edduos est\u00e3o sendo limpas As a\u00e7\u00f5es para preservar o meio ambiente n\u00e3o param em S\u00e3o&hellip;<\/p>\n","protected":false},"author":5,"featured_media":7602,"comment_status":"open","ping_status":"open","sticky":false,"template":"","format":"standard","meta":{"fifu_image_url":"","fifu_image_alt":"","footnotes":""},"categories":[3],"tags":[],"class_list":["post-7600","post","type-post","status-publish","format-standard","has-post-thumbnail","hentry","category-sao-goncalo"],"_links":{"self":[{"href":"https:\/\/sgvaimudar.com.br\/index.php\/wp-json\/wp\/v2\/posts\/7600","targetHints":{"allow":["GET"]}}],"collection":[{"href":"https:\/\/sgvaimudar.com.br\/index.php\/wp-json\/wp\/v2\/posts"}],"about":[{"href":"https:\/\/sgvaimudar.com.br\/index.php\/wp-json\/wp\/v2\/types\/post"}],"author":[{"embeddable":true,"href":"https:\/\/sgvaimudar.com.br\/index.php\/wp-json\/wp\/v2\/users\/5"}],"replies":[{"embeddable":true,"href":"https:\/\/sgvaimudar.com.br\/index.php\/wp-json\/wp\/v2\/comments?post=7600"}],"version-history":[{"count":1,"href":"https:\/\/sgvaimudar.com.br\/index.php\/wp-json\/wp\/v2\/posts\/7600\/revisions"}],"predecessor-version":[{"id":7603,"href":"https:\/\/sgvaimudar.com.br\/index.php\/wp-json\/wp\/v2\/posts\/7600\/revisions\/7603"}],"wp:featuredmedia":[{"embeddable":true,"href":"https:\/\/sgvaimudar.com.br\/index.php\/wp-json\/wp\/v2\/media\/7602"}],"wp:attachment":[{"href":"https:\/\/sgvaimudar.com.br\/index.php\/wp-json\/wp\/v2\/media?parent=7600"}],"wp:term":[{"taxonomy":"category","embeddable":true,"href":"https:\/\/sgvaimudar.com.br\/index.php\/wp-json\/wp\/v2\/categories?post=7600"},{"taxonomy":"post_tag","embeddable":true,"href":"https:\/\/sgvaimudar.com.br\/index.php\/wp-json\/wp\/v2\/tags?post=7600"}],"curies":[{"name":"wp","href":"https:\/\/api.w.org\/{rel}","templated":true}]}}