{"id":7596,"date":"2024-06-14T16:00:00","date_gmt":"2024-06-14T19:00:00","guid":{"rendered":"https:\/\/sgvaimudar.com.br\/?p=7596"},"modified":"2024-06-14T10:20:33","modified_gmt":"2024-06-14T13:20:33","slug":"moradores-de-itauna-vao-ganhar-nova-unidade-de-saude","status":"publish","type":"post","link":"https:\/\/sgvaimudar.com.br\/index.php\/2024\/06\/14\/moradores-de-itauna-vao-ganhar-nova-unidade-de-saude\/","title":{"rendered":"Moradores de Ita\u00fana v\u00e3o ganhar nova unidade de sa\u00fade\u00a0"},"content":{"rendered":"\n<p><em>USF foi erguida com 16 salas de atendimento e servi\u00e7os<\/em><\/p>\n\n\n\n<p>Os moradores da Rua Jos\u00e9 Francisco Corr\u00eaa, em Ita\u00fana, j\u00e1 podem ver uma constru\u00e7\u00e3o imponente na esquina com a Travessa Ernestina Pires. \u00c9 a nova Unidade de Sa\u00fade da Fam\u00edlia (USF) Ita\u00fana, que ser\u00e1 inaugurada em breve. De uma unidade muito simples que n\u00e3o ocupava nem um quarto do terreno, ela se transformou em um posto com mais de 16 salas de atendimento e servi\u00e7os, al\u00e9m de banheiros.\u00a0<\/p>\n\n\n\n<figure class=\"wp-block-image size-full\"><img fetchpriority=\"high\" decoding=\"async\" width=\"1024\" height=\"683\" src=\"https:\/\/sgvaimudar.com.br\/wp-content\/uploads\/2024\/06\/unnamed-2-11.jpg\" alt=\"\" class=\"wp-image-7597\" srcset=\"https:\/\/sgvaimudar.com.br\/wp-content\/uploads\/2024\/06\/unnamed-2-11.jpg 1024w, https:\/\/sgvaimudar.com.br\/wp-content\/uploads\/2024\/06\/unnamed-2-11-300x200.jpg 300w, https:\/\/sgvaimudar.com.br\/wp-content\/uploads\/2024\/06\/unnamed-2-11-768x512.jpg 768w\" sizes=\"(max-width: 1024px) 100vw, 1024px\" \/><\/figure>\n\n\n\n<p>A antiga USF foi derrubada para dar espa\u00e7o \u00e0 nova constru\u00e7\u00e3o, que est\u00e1 com a obra conclu\u00edda, ocupando todo o terreno, e ter\u00e1 capacidade de atendimento para 12 mil usu\u00e1rios. Agora, faltam os ajustes internos de montagem do mobili\u00e1rio e instala\u00e7\u00f5es de equipamentos. Assim como todas as demais obras realizadas pela Secretaria de Sa\u00fade da Prefeitura de S\u00e3o Gon\u00e7alo, a USF Ita\u00fana ter\u00e1 ambientes humanizados e climatizados.<\/p>\n\n\n\n<p>A unidade conta com cinco consult\u00f3rios, consult\u00f3rio de odontologia, salas de inala\u00e7\u00e3o, imuniza\u00e7\u00e3o, de coleta de exames, curativo, multiuso, administra\u00e7\u00e3o, espera, recep\u00e7\u00e3o, farm\u00e1cia, copa, almoxarifado, vesti\u00e1rio, banheiros para funcion\u00e1rios e banheiros adaptados para pessoas com defici\u00eancia (PCD), tudo dentro das normas exigidas pela Ag\u00eancia Nacional de Vigil\u00e2ncia Sanit\u00e1ria (Anvisa) e Minist\u00e9rio da Sa\u00fade.&nbsp;<\/p>\n\n\n\n<p>Tr\u00eas equipes da Estrat\u00e9gia de Sa\u00fade da Fam\u00edlia (ESF) v\u00e3o trabalhar no espa\u00e7o com m\u00e9dicos, enfermeiros, t\u00e9cnicos de enfermagem e agentes comunit\u00e1rios de sa\u00fade. O posto tamb\u00e9m ter\u00e1 dentistas, profissionais dos programas da Aten\u00e7\u00e3o B\u00e1sica com a oferta de preventivo, puericultura, pr\u00e9-natal, medi\u00e7\u00e3o da press\u00e3o arterial e da glicose, exames laboratoriais e os profissionais do e-Multi: nutricionista, fisioterapeuta, educador f\u00edsico, assistente social, psic\u00f3logo e fonoaudi\u00f3logo. Haver\u00e1 tamb\u00e9m vacina\u00e7\u00e3o e servi\u00e7o de curativo.&nbsp;&nbsp;&nbsp;&nbsp;<\/p>\n\n\n\n<p>\u201cEstamos reestruturando as unidades e as transformando em postos de sa\u00fade que podem atender os pacientes com mais dignidade e humanidade. \u00c9 uma exig\u00eancia do nosso prefeito Capit\u00e3o Nelson. Todas as obras est\u00e3o sendo padronizadas e recebem adequa\u00e7\u00f5es gerais e de acessibilidade para atender as pessoas com defici\u00eancia, os profissionais de sa\u00fade e os pacientes como deve ser\u201d, disse o secret\u00e1rio de Sa\u00fade, Dr. Geison Rocha.&nbsp;<\/p>\n\n\n\n<p>A constru\u00e7\u00e3o foi realizada conforme as normas da Anvisa: a RDC 50, que diz respeito aos ambientes e a NBR 9050, sobre acessibilidade (rampa, piso t\u00e1til, barras, banheiros adaptados para pessoas com defici\u00eancia e com campainha de alerta).&nbsp;&nbsp;<\/p>\n\n\n\n<p><em>Fotos: Fabio Guimar\u00e3es &nbsp;&nbsp;&nbsp;<\/em><\/p>\n","protected":false},"excerpt":{"rendered":"<p>USF foi erguida com 16 salas de atendimento e servi\u00e7os Os moradores da Rua Jos\u00e9 Francisco Corr\u00eaa, em Ita\u00fana, j\u00e1&hellip;<\/p>\n","protected":false},"author":5,"featured_media":7598,"comment_status":"open","ping_status":"open","sticky":false,"template":"","format":"standard","meta":{"fifu_image_url":"","fifu_image_alt":"","footnotes":""},"categories":[7],"tags":[],"class_list":["post-7596","post","type-post","status-publish","format-standard","has-post-thumbnail","hentry","category-saude"],"_links":{"self":[{"href":"https:\/\/sgvaimudar.com.br\/index.php\/wp-json\/wp\/v2\/posts\/7596","targetHints":{"allow":["GET"]}}],"collection":[{"href":"https:\/\/sgvaimudar.com.br\/index.php\/wp-json\/wp\/v2\/posts"}],"about":[{"href":"https:\/\/sgvaimudar.com.br\/index.php\/wp-json\/wp\/v2\/types\/post"}],"author":[{"embeddable":true,"href":"https:\/\/sgvaimudar.com.br\/index.php\/wp-json\/wp\/v2\/users\/5"}],"replies":[{"embeddable":true,"href":"https:\/\/sgvaimudar.com.br\/index.php\/wp-json\/wp\/v2\/comments?post=7596"}],"version-history":[{"count":1,"href":"https:\/\/sgvaimudar.com.br\/index.php\/wp-json\/wp\/v2\/posts\/7596\/revisions"}],"predecessor-version":[{"id":7599,"href":"https:\/\/sgvaimudar.com.br\/index.php\/wp-json\/wp\/v2\/posts\/7596\/revisions\/7599"}],"wp:featuredmedia":[{"embeddable":true,"href":"https:\/\/sgvaimudar.com.br\/index.php\/wp-json\/wp\/v2\/media\/7598"}],"wp:attachment":[{"href":"https:\/\/sgvaimudar.com.br\/index.php\/wp-json\/wp\/v2\/media?parent=7596"}],"wp:term":[{"taxonomy":"category","embeddable":true,"href":"https:\/\/sgvaimudar.com.br\/index.php\/wp-json\/wp\/v2\/categories?post=7596"},{"taxonomy":"post_tag","embeddable":true,"href":"https:\/\/sgvaimudar.com.br\/index.php\/wp-json\/wp\/v2\/tags?post=7596"}],"curies":[{"name":"wp","href":"https:\/\/api.w.org\/{rel}","templated":true}]}}